{"id":894,"date":"2020-02-11T20:00:00","date_gmt":"2020-02-11T19:00:00","guid":{"rendered":"http:\/\/www.diarioalbayzinera.com\/?p=894"},"modified":"2022-01-23T08:04:20","modified_gmt":"2022-01-23T07:04:20","slug":"11-febrero-de-1920-miercoles","status":"publish","type":"post","link":"http:\/\/www.diarioalbayzinera.com\/index.php\/2020\/02\/11\/11-febrero-de-1920-miercoles\/","title":{"rendered":"11 FEBRERO DE 1920, MI\u00c9RCOLES"},"content":{"rendered":"\n<figure class=\"wp-block-audio\"><audio controls src=\"http:\/\/www.diarioalbayzinera.com\/wp-content\/uploads\/2020\/02\/11-Febrero.wav\"><\/audio><figcaption>Narrado por la autora<br>MaRGaRiTa MaR\u00edN BeLTR\u00e1N<br><br><br><\/figcaption><\/figure>\n\n\n\n<p>Querido\nDiario:<\/p>\n\n\n\n<p>Hoy\nhace un a\u00f1o del d\u00eda m\u00e1s triste de Granada en su historia reciente. D\u00eda de Luto\nen la ciudad.<\/p>\n\n\n\n<p>El\na\u00f1o pasado una huelga de estudiantes manifest\u00e1ndose contra el caciquismo local\nacab\u00f3 con un enfrentamiento con la Guardia Civil y resultado de ello, murieron\ntres personas: <\/p>\n\n\n\n<p>Una muchacha reci\u00e9n casada, Josefa Gonz\u00e1lez, que estando en casa de sus padres en Reyes Cat\u00f3licos, fue alcanzada por un proyectil disparado desde la Plaza del Carmen que entr\u00f3 en la habitaci\u00f3n.<\/p>\n\n\n\n<p>Un mozo de estaci\u00f3n, Ram\u00f3n G\u00f3mez, un vecino de la calle de la Ti\u00f1a, que casualmente paseaba por el Puente del Carb\u00f3n, y recibi\u00f3 fortuitamente otro disparo perdido, dejando viuda y dos hijas. <\/p>\n\n\n\n<p>Y el estudiante de Medicina, Ram\u00f3n Ru\u00edz de Peralta, hijo del secretario del Juzgado de Instrucci\u00f3n de El Salvador. Tambi\u00e9n liquidado de otro balazo.<\/p>\n\n\n\n<p>Una mujer, un obrero y un estudiante, tres v\u00edctimas inocentes de lo peor de esta Granada: Los pol\u00edticos ladrones y sus obedientes y entregados \u201cest\u00f3magos llenos\u201d.<\/p>\n\n\n\n<p>La\nmanifestaci\u00f3n sali\u00f3 de la Plaza de la Universidad camino de la Plaza del\nCarmen, y al llegar a \u00e9sta, las fuerzas del orden acometieron con tanta\nviolencia que los manifestantes acabaron respondiendo con piedras y adoquines,\npara m\u00e1s tarde, los guardias, liarse a tiros y tintar de sangre la fecha.<\/p>\n\n\n\n<p>Al\nentierro acudieron miles de personas y la noticia vol\u00f3 por todo el pa\u00eds creando\nuna gran indignaci\u00f3n que acab\u00f3 cesando inmediatamente al alcalde Felipe La\nChica y al Gobernador Civil (Sr. Aparicio). <\/p>\n\n\n\n<p>Una representaci\u00f3n de los estudiantes granadinos fue <strong>pa\u2019<\/strong>Madrid a manifestar sus quejas al mism\u00edsimo Conde de Romanones, Presidente del Consejo de Ministros.<\/p>\n\n\n\n<p>Padre, estaba en el Ayuntamiento atendiendo a sus tareas de conserje cuando pas\u00f3 todo este fat\u00eddico episodio pero nunca quiere hablar de ello. <em><strong>Pa\u2019<\/strong>\u00e9l se <strong>queha<\/strong><\/em>. Un drama.<\/p>\n\n\n\n<figure class=\"wp-block-image size-large\"><img loading=\"lazy\" decoding=\"async\" width=\"667\" height=\"685\" src=\"http:\/\/www.diarioalbayzinera.com\/wp-content\/uploads\/2020\/01\/Victimas-del-11-febrero-1920-Granada-Hoy.jpg\" alt=\"\" class=\"wp-image-895\" srcset=\"http:\/\/www.diarioalbayzinera.com\/wp-content\/uploads\/2020\/01\/Victimas-del-11-febrero-1920-Granada-Hoy.jpg 667w, http:\/\/www.diarioalbayzinera.com\/wp-content\/uploads\/2020\/01\/Victimas-del-11-febrero-1920-Granada-Hoy-292x300.jpg 292w, http:\/\/www.diarioalbayzinera.com\/wp-content\/uploads\/2020\/01\/Victimas-del-11-febrero-1920-Granada-Hoy-508x522.jpg 508w\" sizes=\"(max-width: 667px) 100vw, 667px\" \/><figcaption>Dos de las tres v\u00edctimas en este fat\u00eddico d\u00eda.<br>Fuente: Foto publicada por Granada Hoy 10-2-2019<\/figcaption><\/figure>\n","protected":false},"excerpt":{"rendered":"<p>Querido Diario: Hoy hace un a\u00f1o del d\u00eda m\u00e1s triste de Granada en su historia reciente. D\u00eda de Luto en la ciudad. El a\u00f1o pasado una huelga de estudiantes manifest\u00e1ndose contra el caciquismo local acab\u00f3 con un enfrentamiento con la Guardia Civil y resultado de ello, murieron tres personas: Una muchacha reci\u00e9n casada, Josefa Gonz\u00e1lez, [&hellip;]<\/p>\n","protected":false},"author":2,"featured_media":0,"comment_status":"open","ping_status":"open","sticky":false,"template":"","format":"standard","meta":{"footnotes":""},"categories":[23],"tags":[73,32,79,86,53,45,80,118,87,62,66],"_links":{"self":[{"href":"http:\/\/www.diarioalbayzinera.com\/index.php\/wp-json\/wp\/v2\/posts\/894"}],"collection":[{"href":"http:\/\/www.diarioalbayzinera.com\/index.php\/wp-json\/wp\/v2\/posts"}],"about":[{"href":"http:\/\/www.diarioalbayzinera.com\/index.php\/wp-json\/wp\/v2\/types\/post"}],"author":[{"embeddable":true,"href":"http:\/\/www.diarioalbayzinera.com\/index.php\/wp-json\/wp\/v2\/users\/2"}],"replies":[{"embeddable":true,"href":"http:\/\/www.diarioalbayzinera.com\/index.php\/wp-json\/wp\/v2\/comments?post=894"}],"version-history":[{"count":4,"href":"http:\/\/www.diarioalbayzinera.com\/index.php\/wp-json\/wp\/v2\/posts\/894\/revisions"}],"predecessor-version":[{"id":4180,"href":"http:\/\/www.diarioalbayzinera.com\/index.php\/wp-json\/wp\/v2\/posts\/894\/revisions\/4180"}],"wp:attachment":[{"href":"http:\/\/www.diarioalbayzinera.com\/index.php\/wp-json\/wp\/v2\/media?parent=894"}],"wp:term":[{"taxonomy":"category","embeddable":true,"href":"http:\/\/www.diarioalbayzinera.com\/index.php\/wp-json\/wp\/v2\/categories?post=894"},{"taxonomy":"post_tag","embeddable":true,"href":"http:\/\/www.diarioalbayzinera.com\/index.php\/wp-json\/wp\/v2\/tags?post=894"}],"curies":[{"name":"wp","href":"https:\/\/api.w.org\/{rel}","templated":true}]}}