{"id":885,"date":"2020-02-08T20:00:00","date_gmt":"2020-02-08T19:00:00","guid":{"rendered":"http:\/\/www.diarioalbayzinera.com\/?p=885"},"modified":"2022-01-22T10:50:53","modified_gmt":"2022-01-22T09:50:53","slug":"8-febrero-de-1920-domingo","status":"publish","type":"post","link":"http:\/\/www.diarioalbayzinera.com\/index.php\/2020\/02\/08\/8-febrero-de-1920-domingo\/","title":{"rendered":"8 FEBRERO DE 1920, DOMINGO"},"content":{"rendered":"\n<figure class=\"wp-block-audio\"><audio controls src=\"http:\/\/www.diarioalbayzinera.com\/wp-content\/uploads\/2020\/02\/08-Febrero.wav\"><\/audio><figcaption>Narrado por la autora<br>MaRGaRiTa MaR\u00edN BeLTR\u00e1N<br><br><br><\/figcaption><\/figure>\n\n\n\n<p>Querido\nDiario:<\/p>\n\n\n\n<p>\u00a1Menuda tarde de cohetes! No s\u00e9 <em>a cuento de qu\u00e9<\/em>. Hoy no es festivo de nada. Ya me enterar\u00e9, pero vaya tardecica nos han dado.<\/p>\n\n\n\n<p>Bueno, pues ya tom\u00f3 ayer posesi\u00f3n del cargo el nuevo Rector de la Universidad, Jos\u00e9 Pareja Garrido. La Estudiantina de Derecho le dedic\u00f3 anoche una serenata cuando recorr\u00edan las calles, como vienen haciendo en estas noches previas al Carnaval. Dec\u00eda la coplilla:<\/p>\n\n\n\n<p class=\"has-text-align-center\"><em>La facultad de Derecho<\/em>, <\/p>\n\n\n\n<p class=\"has-text-align-center\"><em>hoy festeja a su Rector<\/em><\/p>\n\n\n\n<p class=\"has-text-align-center\"><em>que celebra en este d\u00eda<\/em><\/p>\n\n\n\n<p class=\"has-text-align-center\"><em>su toma de posesi\u00f3n<\/em>.<\/p>\n\n\n\n<p>\u00a1Qu\u00e9 arte tienen <em><strong>loh\u2019t\u00edoh\u2019jo\u00edos<\/strong><\/em>! \u00a1A <em>t\u00f3<\/em> le buscan cancioncilla!<\/p>\n\n\n\n<p>Se\nabre una nueva etapa de autonom\u00eda en la Universidad, como la de Salamanca y\nAlcal\u00e1. Los tiempos cambian y tres puntos principalmente son los que se ha\nmarcado el se\u00f1or Pareja:<\/p>\n\n\n\n<p>Primero,\ninstaurar la autonom\u00eda, para lo que tendr\u00e1 que v\u00e9rselas con el Estado y con el\nClaustro que es m\u00e1s duro de pelar a\u00fan.<\/p>\n\n\n\n<p>Segundo,\ntrasladar la Facultad de Farmacia a un local propio para que las dem\u00e1s\nfacultades tengan m\u00e1s espacio. <\/p>\n\n\n\n<p>Y tercero, la construcci\u00f3n de una Facultad de Medicina y de un Hospital Cl\u00ednico porque el \u00fanico hospital que tenemos es el de San Juan de Dios y, adem\u00e1s de chico y viejo, te descuidas y mata m\u00e1s que cura\u2026 Al parecer las tres cosas las tienen bien <strong>enjaret\u00e1h<\/strong><em> <\/em>ya.<em> <\/em><\/p>\n\n\n\n<p><em>Menester es<\/em> que le vaya bien y tenga los apoyos necesarios para que lo veamos pronto hecho realidad. \u00a1Dios lo quiera! <\/p>\n\n\n\n<figure class=\"wp-block-image size-large\"><img loading=\"lazy\" decoding=\"async\" width=\"849\" height=\"600\" src=\"http:\/\/www.diarioalbayzinera.com\/wp-content\/uploads\/2020\/01\/expo-clinico-d.jpg\" alt=\"\" class=\"wp-image-887\" srcset=\"http:\/\/www.diarioalbayzinera.com\/wp-content\/uploads\/2020\/01\/expo-clinico-d.jpg 849w, http:\/\/www.diarioalbayzinera.com\/wp-content\/uploads\/2020\/01\/expo-clinico-d-300x212.jpg 300w, http:\/\/www.diarioalbayzinera.com\/wp-content\/uploads\/2020\/01\/expo-clinico-d-768x543.jpg 768w, http:\/\/www.diarioalbayzinera.com\/wp-content\/uploads\/2020\/01\/expo-clinico-d-508x359.jpg 508w\" sizes=\"(max-width: 849px) 100vw, 849px\" \/><figcaption>Solar destinado a la ubicaci\u00f3n del Hospital Cl\u00ednico.<br>Fuente: Expo-Cl\u00ednico de la UGR<\/figcaption><\/figure>\n","protected":false},"excerpt":{"rendered":"<p>Querido Diario: \u00a1Menuda tarde de cohetes! No s\u00e9 a cuento de qu\u00e9. Hoy no es festivo de nada. Ya me enterar\u00e9, pero vaya tardecica nos han dado. Bueno, pues ya tom\u00f3 ayer posesi\u00f3n del cargo el nuevo Rector de la Universidad, Jos\u00e9 Pareja Garrido. La Estudiantina de Derecho le dedic\u00f3 anoche una serenata cuando recorr\u00edan [&hellip;]<\/p>\n","protected":false},"author":2,"featured_media":0,"comment_status":"open","ping_status":"open","sticky":false,"template":"","format":"standard","meta":{"footnotes":""},"categories":[23],"tags":[85,79,62,47],"_links":{"self":[{"href":"http:\/\/www.diarioalbayzinera.com\/index.php\/wp-json\/wp\/v2\/posts\/885"}],"collection":[{"href":"http:\/\/www.diarioalbayzinera.com\/index.php\/wp-json\/wp\/v2\/posts"}],"about":[{"href":"http:\/\/www.diarioalbayzinera.com\/index.php\/wp-json\/wp\/v2\/types\/post"}],"author":[{"embeddable":true,"href":"http:\/\/www.diarioalbayzinera.com\/index.php\/wp-json\/wp\/v2\/users\/2"}],"replies":[{"embeddable":true,"href":"http:\/\/www.diarioalbayzinera.com\/index.php\/wp-json\/wp\/v2\/comments?post=885"}],"version-history":[{"count":4,"href":"http:\/\/www.diarioalbayzinera.com\/index.php\/wp-json\/wp\/v2\/posts\/885\/revisions"}],"predecessor-version":[{"id":4174,"href":"http:\/\/www.diarioalbayzinera.com\/index.php\/wp-json\/wp\/v2\/posts\/885\/revisions\/4174"}],"wp:attachment":[{"href":"http:\/\/www.diarioalbayzinera.com\/index.php\/wp-json\/wp\/v2\/media?parent=885"}],"wp:term":[{"taxonomy":"category","embeddable":true,"href":"http:\/\/www.diarioalbayzinera.com\/index.php\/wp-json\/wp\/v2\/categories?post=885"},{"taxonomy":"post_tag","embeddable":true,"href":"http:\/\/www.diarioalbayzinera.com\/index.php\/wp-json\/wp\/v2\/tags?post=885"}],"curies":[{"name":"wp","href":"https:\/\/api.w.org\/{rel}","templated":true}]}}