{"id":466,"date":"2020-01-29T20:00:00","date_gmt":"2020-01-29T19:00:00","guid":{"rendered":"http:\/\/www.diarioalbayzinera.com\/?p=466"},"modified":"2022-01-21T09:06:42","modified_gmt":"2022-01-21T08:06:42","slug":"29-de-enero-de-1920-jueves","status":"publish","type":"post","link":"http:\/\/www.diarioalbayzinera.com\/index.php\/2020\/01\/29\/29-de-enero-de-1920-jueves\/","title":{"rendered":"29 de Enero de 1920, Jueves"},"content":{"rendered":"\n<figure class=\"wp-block-audio\"><audio controls src=\"http:\/\/www.diarioalbayzinera.com\/wp-content\/uploads\/2020\/01\/29-Enero.wav\"><\/audio><figcaption>Narrado por la autora<br>MaRGaRiTa MaR\u00edN<br><br><br><\/figcaption><\/figure>\n\n\n\n<p>Querido Diario:<\/p>\n\n\n\n<p>Hoy hablaban en <em>El Defensor<\/em> de que hemos llegado ya a un punto de <em>\u201cpobres pidiendo limosna contando miserias\u201d<\/em> que parece que la mendicidad se ha convertido en industria. Seguramente habr\u00e1 alg\u00fan <strong>aprovechao<\/strong>, que dar limosna no es la mejor soluci\u00f3n y que para ayudar al desvalido est\u00e1 ya la Beneficencia, pero dicho as\u00ed parece que uno es pobre porque quiere. \u00a1Y nada m\u00e1s lejos de la verdad! <\/p>\n\n\n\n<p>Mira<strong> La <\/strong>Reme, mismamente, se va con los chiquillos a las chumberas a coger chumbos con sus <strong>ca\u00f1as<em> <\/em>raj\u00e1h<\/strong>, o caracoles o lo que sea, y luego los vende con mucha dignidad aunque luego le demos unos centimillos m\u00e1s por caridad. Estoy segura de que ella no es pobre porque quiere.<\/p>\n\n\n\n<p>La caridad por s\u00ed misma no es mala. Lo que es malo es abandonarse y culpar siempre a los dem\u00e1s de tus desgracias. La Reme, sin embargo, no culpa a nadie, tira <strong>pa\u2019lante<\/strong><em> <\/em>como una burra y no queda m\u00e1s que ayudarla. <\/p>\n\n\n\n<p>Pero culpar a los pobres por ser pobres me parece, adem\u00e1s de poco cristiano, que es m\u00e1s <strong>pa\u2019librarse<\/strong> de culpa los que tienen y no quieren dar, que por la mendicidad. \u00a1A ver c\u00f3mo distingue una si el pobre es buena o mala gente! O das o no das. All\u00e1 cada cual con su conciencia.<\/p>\n\n\n\n<p>Y yo le doy lo que me da la gana, a quien me da la gana, cuando me da la gana. \u00a1Faltar\u00eda m\u00e1s! Como si tener trabajo fuera tan f\u00e1cil\u2026 \u00a1pues no hay obreros <strong>paraos<\/strong> ahora!<em> <\/em><strong><em>Esque, esque<\/em>\u2026<\/strong><\/p>\n\n\n\n<p>\u00a1<strong>Na\u2019m\u00e1h<\/strong> que por eso le voy a dar limosna al primer pobre que vea! \u00a1Ea, de puro <strong>corahe<\/strong>!<\/p>\n\n\n\n<div class=\"wp-block-image is-style-rounded\"><figure class=\"aligncenter size-large is-resized\"><img loading=\"lazy\" decoding=\"async\" src=\"http:\/\/www.diarioalbayzinera.com\/wp-content\/uploads\/2020\/01\/resignacion-1.jpg\" alt=\"\" class=\"wp-image-972\" width=\"100\" height=\"100\" srcset=\"http:\/\/www.diarioalbayzinera.com\/wp-content\/uploads\/2020\/01\/resignacion-1.jpg 398w, http:\/\/www.diarioalbayzinera.com\/wp-content\/uploads\/2020\/01\/resignacion-1-300x300.jpg 300w, http:\/\/www.diarioalbayzinera.com\/wp-content\/uploads\/2020\/01\/resignacion-1-150x150.jpg 150w\" sizes=\"(max-width: 100px) 100vw, 100px\" \/><\/figure><\/div>\n","protected":false},"excerpt":{"rendered":"<p>Querido Diario: Hoy hablaban en El Defensor de que hemos llegado ya a un punto de \u201cpobres pidiendo limosna contando miserias\u201d que parece que la mendicidad se ha convertido en industria. Seguramente habr\u00e1 alg\u00fan aprovechao, que dar limosna no es la mejor soluci\u00f3n y que para ayudar al desvalido est\u00e1 ya la Beneficencia, pero dicho [&hellip;]<\/p>\n","protected":false},"author":2,"featured_media":0,"comment_status":"open","ping_status":"open","sticky":false,"template":"","format":"standard","meta":{"footnotes":""},"categories":[22],"tags":[127,43,70,27,59,26,120],"_links":{"self":[{"href":"http:\/\/www.diarioalbayzinera.com\/index.php\/wp-json\/wp\/v2\/posts\/466"}],"collection":[{"href":"http:\/\/www.diarioalbayzinera.com\/index.php\/wp-json\/wp\/v2\/posts"}],"about":[{"href":"http:\/\/www.diarioalbayzinera.com\/index.php\/wp-json\/wp\/v2\/types\/post"}],"author":[{"embeddable":true,"href":"http:\/\/www.diarioalbayzinera.com\/index.php\/wp-json\/wp\/v2\/users\/2"}],"replies":[{"embeddable":true,"href":"http:\/\/www.diarioalbayzinera.com\/index.php\/wp-json\/wp\/v2\/comments?post=466"}],"version-history":[{"count":9,"href":"http:\/\/www.diarioalbayzinera.com\/index.php\/wp-json\/wp\/v2\/posts\/466\/revisions"}],"predecessor-version":[{"id":4156,"href":"http:\/\/www.diarioalbayzinera.com\/index.php\/wp-json\/wp\/v2\/posts\/466\/revisions\/4156"}],"wp:attachment":[{"href":"http:\/\/www.diarioalbayzinera.com\/index.php\/wp-json\/wp\/v2\/media?parent=466"}],"wp:term":[{"taxonomy":"category","embeddable":true,"href":"http:\/\/www.diarioalbayzinera.com\/index.php\/wp-json\/wp\/v2\/categories?post=466"},{"taxonomy":"post_tag","embeddable":true,"href":"http:\/\/www.diarioalbayzinera.com\/index.php\/wp-json\/wp\/v2\/tags?post=466"}],"curies":[{"name":"wp","href":"https:\/\/api.w.org\/{rel}","templated":true}]}}