{"id":4580,"date":"2022-07-25T07:14:36","date_gmt":"2022-07-25T05:14:36","guid":{"rendered":"http:\/\/www.diarioalbayzinera.com\/?p=4580"},"modified":"2022-07-30T12:26:55","modified_gmt":"2022-07-30T10:26:55","slug":"pista-5-3","status":"publish","type":"post","link":"http:\/\/www.diarioalbayzinera.com\/index.php\/2022\/07\/25\/pista-5-3\/","title":{"rendered":"PISTA 5"},"content":{"rendered":"\n<div class=\"wp-block-image\"><figure class=\"aligncenter size-large\"><img loading=\"lazy\" decoding=\"async\" width=\"300\" height=\"300\" src=\"http:\/\/www.diarioalbayzinera.com\/wp-content\/uploads\/2022\/07\/blanco-olambrilla5-.png\" alt=\"\" class=\"wp-image-4656\" srcset=\"http:\/\/www.diarioalbayzinera.com\/wp-content\/uploads\/2022\/07\/blanco-olambrilla5-.png 300w, http:\/\/www.diarioalbayzinera.com\/wp-content\/uploads\/2022\/07\/blanco-olambrilla5--150x150.png 150w\" sizes=\"(max-width: 300px) 100vw, 300px\" \/><\/figure><\/div>\n\n\n\n<p>Nos hayamos ahora en el Cerro del Aceituno, justo a los pies de la ermita de San Miguel Alto, nuestro patr\u00f3n del Albayz\u00edn y ermita a la que los albaicineros peregrinamos en Romer\u00eda cada final de Septiembre durante nuestras fiestas patronales. Esta peque\u00f1a plazoletilla, que aunque nada tiene que ver con la imagen rom\u00e1ntica de principios de siglo XX que os mostr\u00e1bamos en la fotograf\u00eda de la pista anterior, sigue manteniendo encanto, y sobre todo unas maravillosas y privilegiadas vistas sobre la Alhambra y el Albayz\u00edn: La Cruz de la Rauda (S. XVI)<\/p>\n\n\n\n<p>Recibe el nombre de Rauda, porque en esta zona estaba el cementerio de la Rauda, del cual se han encontrado bastantes restos en esta zona entre la cruz y la destruida iglesia de San Luis que acab\u00e1is de ver.<\/p>\n\n\n\n<p style=\"background-color:#ecee9e\" class=\"has-background\"><em>We are now on the Cerro del Aceituno, right at the foot of the hermitage of San Miguel Alto, our patron saint of the Albayz\u00edn and the hermitage to which we albaicineros go on pilgrimage every year at the end of September during our patron saint&#8217;s festivities. This small little square, which although it has nothing to do with the romantic image of the beginning of the 20th century that we showed you in the photograph of the previous track, still maintains its charm, and above all its marvellous and privileged views over the Alhambra and the Albayz\u00edn: La Cruz de la Rauda (16th century).<\/em><\/p>\n\n\n\n<p style=\"background-color:#ecee9e\" class=\"has-background\"><em>It is called Rauda, because the Rauda cemetery was in this area, of which many remains have been found in this area between the cross and the destroyed church of San Luis that you have just seen.<\/em><\/p>\n\n\n\n<p style=\"font-size:12px\" class=\"has-text-color has-background has-white-color has-black-background-color\">Siamo ora sul Cerro del Aceituno, proprio ai piedi dell&#8217;eremo di San Miguel Alto, il nostro patrono degli Albayz\u00edn e l&#8217;eremo al quale noi albaicineros ci rechiamo in pellegrinaggio ogni anno alla fine di settembre durante le feste patronali. Questa piccola piazzetta, che sebbene non abbia nulla a che vedere con l&#8217;immagine romantica di inizio XX secolo che vi abbiamo mostrato nella fotografia del brano precedente, mantiene ancora il suo fascino, e soprattutto le sue meravigliose e privilegiate viste sull&#8217;Alhambra e sull&#8217;Albayz\u00edn: La Cruz de la Rauda (XVI secolo).<\/p>\n\n\n\n<p style=\"font-size:12px\" class=\"has-text-color has-background has-white-color has-black-background-color\">Si chiama Rauda, perch\u00e9 in questa zona si trovava il cimitero di Rauda, di cui sono stati ritrovati molti resti in questa zona tra la croce e la chiesa distrutta di San Luis che avete appena visto.<\/p>\n\n\n\n<p>La Cruz se caracteriza, por tener en un lado una virgen, y el otro un crucificado, coronados ambos por sendos farolillos. Es de piedra, la cual est\u00e1 muy gastada por el paso del tiempo y que ya ha tenido que ser restaurada debido a su estado de conservaci\u00f3n y por vandalismo.<\/p>\n\n\n\n<p style=\"background-color:#ecee9e\" class=\"has-background\"><em>The cross is characterised by having a virgin on one side and a crucified figure on the other, both crowned by lanterns. It is made of stone, which is very worn due to the passage of time and has already had to be restored due to its state of conservation and vandalism.<\/em><\/p>\n\n\n\n<p style=\"font-size:12px\" class=\"has-text-color has-background has-white-color has-black-background-color\">La croce \u00e8 caratterizzata dalla presenza di una vergine da un lato e di una figura crocifissa dall&#8217;altro, entrambe coronate da lanterne. \u00c8 realizzata in pietra, molto usurata dal passare del tempo e ha gi\u00e0 dovuto essere restaurata a causa del suo stato di conservazione e degli atti di vandalismo.<\/p>\n\n\n\n<p>En tiempos de la dominaci\u00f3n \u00e1rabe,&nbsp;el \u00e1rea comprendida entre la Calle San Luis y la Cruz de Rauda contaba con un aspecto muy diferente al actual, casi despoblado. En el siglo XIII en esta zona del barrio exist\u00edan casas cueva, c\u00e1rmenes, huertos, el cementerio musulm\u00e1n del Maqbarat al-Rawda, y cinco edificios dedicados al culto: tres mezquitas y dos r\u00e1bitas.<\/p>\n\n\n\n<p style=\"background-color:#ecee9e\" class=\"has-background\"><em>At the time of the Arab domination, the area between Calle San Luis and the Cruz de Rauda had a very different appearance to that of today, almost uninhabited. In the 13th century, in this area of the neighbourhood there were cave dwellings, k\u00e1rmenes, orchards, the Muslim cemetery of Maqbarat al-Rawda, and five buildings dedicated to worship: three mosques and two r\u00e1bitas.<\/em><\/p>\n\n\n\n<p style=\"font-size:12px\" class=\"has-text-color has-background has-white-color has-black-background-color\">All&#8217;epoca della dominazione araba, la zona tra Calle San Luis e la Cruz de Rauda aveva un aspetto molto diverso da quello attuale, quasi disabitato. Nel XIII secolo, in questa zona del quartiere si trovavano abitazioni in grotta, k\u00e1rmenes, frutteti, il cimitero musulmano di Maqbarat al-Rawda e cinque edifici dedicati al culto: tre moschee e due r\u00e1bitas.<\/p>\n\n\n\n<p>Por toda ciudad, en su casco antiguo, podr\u00e9is observar que existen muchas cruces de piedra, esto es porque con la entrada de los Reyes Cat\u00f3licos a Granada se empezaron a cristianizar los lugares de culto musulm\u00e1n. <\/p>\n\n\n\n<p style=\"background-color:#ecee9e\" class=\"has-background\"><em>All over the city, in its old quarter, you can see many stone crosses, this is because with the entry of the Catholic Monarchs to Granada, the Muslim places of worship began to be Christianised.<\/em><\/p>\n\n\n\n<p style=\"font-size:12px\" class=\"has-text-color has-background has-white-color has-black-background-color\">In tutta la citt\u00e0, nel suo quartiere antico, si trovano molte croci di pietra, perch\u00e9 con l&#8217;ingresso dei Re Cattolici a Granada, i luoghi di culto musulmani cominciarono a essere cristianizzati.<\/p>\n\n\n\n<p>En este caso, donde estuvo la Mezquita y el cementerio de al-Rawda, se construy\u00f3 en 1526 la iglesia de Santa Isabel de los Abades que fue derribada a mediados del siglo XVII. Esta iglesia ten\u00eda en sus inmediaciones esta modesta cruz ochavada realizada en piedra, la Cruz de Rauda, de estilo renacentista y levantada sobre un peque\u00f1o pedestal de base cuadrada.<\/p>\n\n\n\n<p style=\"background-color:#ecee9e\" class=\"has-background\"><em>In this case, where the Mosque and the cemetery of al-Rawda used to be, the church of Santa Isabel de los Abades was built in 1526, which was demolished in the middle of the 17th century. This church had in its vicinity this modest octagonal cross made of stone, the Cross of Rauda, in Renaissance style and raised on a small pedestal with a square base.<\/em><\/p>\n\n\n\n<p style=\"font-size:12px\" class=\"has-text-color has-background has-white-color has-black-background-color\">In questo caso, dove si trovavano la moschea e il cimitero di al-Rawda, nel 1526 fu costruita la chiesa di Santa Isabel de los Abades, che fu demolita a met\u00e0 del XVII secolo. Questa chiesa aveva nelle sue vicinanze una modesta croce ottagonale in pietra, la Croce di Rauda, in stile rinascimentale e innalzata su un piccolo piedistallo a base quadrata.<\/p>\n\n\n\n<p>Ahora nos disponemos a salir del Albayz\u00edn para entrar en el Sacromonte, busca en tu navegador la <em>CUEVA DE CHORROHUMO<\/em> (Calle Verea de Enmedio N\u00ba 29)<\/p>\n\n\n\n<p style=\"background-color:#ecee9e\" class=\"has-background\"><em>Now we are about to leave the Albayz\u00edn to enter Sacromonte, look for the CUEVA DE CHORROHUMO (Calle Verea de Enmedio N\u00ba 29) in your navigator.<\/em><\/p>\n\n\n\n<p style=\"font-size:12px\" class=\"has-text-color has-background has-white-color has-black-background-color\">Ora stiamo per lasciare l&#8217;Albayz\u00edn per entrare nel Sacromonte, cercate la CUEVA DE CHORROHUMO (Calle Verea de Enmedio N\u00ba 29) nel vostro navigatore.<\/p>\n\n\n\n<p><a href=\"https:\/\/goo.gl\/maps\/mhDQSSbRSUKUXbXM7\">https:\/\/goo.gl\/maps\/mhDQSSbRSUKUXbXM7<\/a><\/p>\n\n\n\n<div class=\"wp-block-image\"><figure class=\"aligncenter\"><img decoding=\"async\" src=\"http:\/\/1.bp.blogspot.com\/_Lwq2GAgQITg\/TSBpZCinQlI\/AAAAAAAAAAk\/txYo4XjqM2I\/s1600\/chorrojumo-v1.jpg\" alt=\"Personajes Granadinos del Siglo XX: Chorrojumo\"\/><figcaption>Fuente: Personajes granadinos del siglo XX<\/figcaption><\/figure><\/div>\n\n\n\n<div class=\"wp-block-image\"><figure class=\"aligncenter size-large is-resized\"><img loading=\"lazy\" decoding=\"async\" src=\"http:\/\/www.diarioalbayzinera.com\/wp-content\/uploads\/2022\/07\/APDI-Spain-1024x924.png\" alt=\"\" class=\"wp-image-4672\" width=\"256\" height=\"231\" srcset=\"http:\/\/www.diarioalbayzinera.com\/wp-content\/uploads\/2022\/07\/APDI-Spain-1024x924.png 1024w, http:\/\/www.diarioalbayzinera.com\/wp-content\/uploads\/2022\/07\/APDI-Spain-300x271.png 300w, http:\/\/www.diarioalbayzinera.com\/wp-content\/uploads\/2022\/07\/APDI-Spain-768x693.png 768w, http:\/\/www.diarioalbayzinera.com\/wp-content\/uploads\/2022\/07\/APDI-Spain-1536x1386.png 1536w, http:\/\/www.diarioalbayzinera.com\/wp-content\/uploads\/2022\/07\/APDI-Spain-2048x1848.png 2048w, http:\/\/www.diarioalbayzinera.com\/wp-content\/uploads\/2022\/07\/APDI-Spain-1240x1119.png 1240w, http:\/\/www.diarioalbayzinera.com\/wp-content\/uploads\/2022\/07\/APDI-Spain-508x458.png 508w\" sizes=\"(max-width: 256px) 100vw, 256px\" \/><\/figure><\/div>\n\n\n\n<div class=\"wp-block-image\"><figure class=\"aligncenter size-large\"><img loading=\"lazy\" decoding=\"async\" width=\"606\" height=\"147\" src=\"http:\/\/www.diarioalbayzinera.com\/wp-content\/uploads\/2022\/07\/Todo-junto-Gymkana-Fajalauza.png\" alt=\"\" class=\"wp-image-4673\" srcset=\"http:\/\/www.diarioalbayzinera.com\/wp-content\/uploads\/2022\/07\/Todo-junto-Gymkana-Fajalauza.png 606w, http:\/\/www.diarioalbayzinera.com\/wp-content\/uploads\/2022\/07\/Todo-junto-Gymkana-Fajalauza-300x73.png 300w, http:\/\/www.diarioalbayzinera.com\/wp-content\/uploads\/2022\/07\/Todo-junto-Gymkana-Fajalauza-508x123.png 508w\" sizes=\"(max-width: 606px) 100vw, 606px\" \/><\/figure><\/div>\n","protected":false},"excerpt":{"rendered":"<p>Nos hayamos ahora en el Cerro del Aceituno, justo a los pies de la ermita de San Miguel Alto, nuestro patr\u00f3n del Albayz\u00edn y ermita a la que los albaicineros peregrinamos en Romer\u00eda cada final de Septiembre durante nuestras fiestas patronales. Esta peque\u00f1a plazoletilla, que aunque nada tiene que ver con la imagen rom\u00e1ntica de [&hellip;]<\/p>\n","protected":false},"author":2,"featured_media":4704,"comment_status":"open","ping_status":"open","sticky":false,"template":"","format":"standard","meta":{"footnotes":""},"categories":[168],"tags":[169],"_links":{"self":[{"href":"http:\/\/www.diarioalbayzinera.com\/index.php\/wp-json\/wp\/v2\/posts\/4580"}],"collection":[{"href":"http:\/\/www.diarioalbayzinera.com\/index.php\/wp-json\/wp\/v2\/posts"}],"about":[{"href":"http:\/\/www.diarioalbayzinera.com\/index.php\/wp-json\/wp\/v2\/types\/post"}],"author":[{"embeddable":true,"href":"http:\/\/www.diarioalbayzinera.com\/index.php\/wp-json\/wp\/v2\/users\/2"}],"replies":[{"embeddable":true,"href":"http:\/\/www.diarioalbayzinera.com\/index.php\/wp-json\/wp\/v2\/comments?post=4580"}],"version-history":[{"count":10,"href":"http:\/\/www.diarioalbayzinera.com\/index.php\/wp-json\/wp\/v2\/posts\/4580\/revisions"}],"predecessor-version":[{"id":4710,"href":"http:\/\/www.diarioalbayzinera.com\/index.php\/wp-json\/wp\/v2\/posts\/4580\/revisions\/4710"}],"wp:featuredmedia":[{"embeddable":true,"href":"http:\/\/www.diarioalbayzinera.com\/index.php\/wp-json\/wp\/v2\/media\/4704"}],"wp:attachment":[{"href":"http:\/\/www.diarioalbayzinera.com\/index.php\/wp-json\/wp\/v2\/media?parent=4580"}],"wp:term":[{"taxonomy":"category","embeddable":true,"href":"http:\/\/www.diarioalbayzinera.com\/index.php\/wp-json\/wp\/v2\/categories?post=4580"},{"taxonomy":"post_tag","embeddable":true,"href":"http:\/\/www.diarioalbayzinera.com\/index.php\/wp-json\/wp\/v2\/tags?post=4580"}],"curies":[{"name":"wp","href":"https:\/\/api.w.org\/{rel}","templated":true}]}}