{"id":4568,"date":"2022-07-25T07:01:02","date_gmt":"2022-07-25T05:01:02","guid":{"rendered":"http:\/\/www.diarioalbayzinera.com\/?p=4568"},"modified":"2022-07-30T12:23:34","modified_gmt":"2022-07-30T10:23:34","slug":"pista-1-3","status":"publish","type":"post","link":"http:\/\/www.diarioalbayzinera.com\/index.php\/2022\/07\/25\/pista-1-3\/","title":{"rendered":"PISTA 1"},"content":{"rendered":"\n<p>\u00c9sta ser\u00e1 una Gymkhana de Orientaci\u00f3n. Todos los equipos han de encontrar un TESORO escondido siguiendo las pistas que ir\u00e1n marcando el recorrido a seguir para encontrarlo.<\/p>\n\n\n\n<p style=\"background-color:#ecee9e\" class=\"has-text-color has-background has-black-color\"><em>This will be an Orienteering Gymkhana. All the teams have to find a hidden TREASURE following the clues that will mark the route to follow to find it.<\/em><\/p>\n\n\n\n<pre class=\"wp-block-preformatted\">Questa sar\u00e0 una Gimcana di Orientamento. Tutte le squadre devono trovare un TESORO nascosto seguendo gli indizi che segneranno il percorso da seguire per trovarlo.<\/pre>\n\n\n\n<p>En cada pista encontrar\u00e9is un enlace a Google Map con la ubicaci\u00f3n del siguiente punto al que deb\u00e9is ir. La \u00fanica forma de terminar este recorrido es encontrando todos estos puntos, en donde tendr\u00e9is que haceros una foto SELFIE EN GRUPO y en donde hallar\u00e9is una OLAMBRILLA de papel con un c\u00f3digo QR que os llevar\u00e1 a la siguiente pista.<\/p>\n\n\n\n<p style=\"background-color:#ecee9e\" class=\"has-text-color has-background has-black-color\"><em>On each track you will find a link to Google Map with the location of the next point you need to go to. The only way to finish this route is to find all these points, where you will have to take a GROUP SELFIE photo and where you will find a paper OLAMBRILLA with a QR code that will take you to the next clue.<\/em><\/p>\n\n\n\n<pre class=\"wp-block-preformatted\">In ogni traccia troverai un link a Google Map con la posizione del prossimo punto a cui devi andare. L'unico modo per concludere questo tour \u00e8 trovare tutti questi punti, dove dovrai scattare una foto del SELFIE DI GRUPPO e dove troverai un OLAMBRILLA di carta con un codice QR che ti porter\u00e0 alla pista successiva.<\/pre>\n\n\n\n<div class=\"wp-block-image\"><figure class=\"aligncenter size-large\"><img loading=\"lazy\" decoding=\"async\" width=\"1024\" height=\"342\" src=\"http:\/\/www.diarioalbayzinera.com\/wp-content\/uploads\/2022\/07\/pistas-ejemplo-grupos-azul-y-verde-y-blanco-1024x342.png\" alt=\"\" class=\"wp-image-4646\" srcset=\"http:\/\/www.diarioalbayzinera.com\/wp-content\/uploads\/2022\/07\/pistas-ejemplo-grupos-azul-y-verde-y-blanco-1024x342.png 1024w, http:\/\/www.diarioalbayzinera.com\/wp-content\/uploads\/2022\/07\/pistas-ejemplo-grupos-azul-y-verde-y-blanco-300x100.png 300w, http:\/\/www.diarioalbayzinera.com\/wp-content\/uploads\/2022\/07\/pistas-ejemplo-grupos-azul-y-verde-y-blanco-768x257.png 768w, http:\/\/www.diarioalbayzinera.com\/wp-content\/uploads\/2022\/07\/pistas-ejemplo-grupos-azul-y-verde-y-blanco-1536x513.png 1536w, http:\/\/www.diarioalbayzinera.com\/wp-content\/uploads\/2022\/07\/pistas-ejemplo-grupos-azul-y-verde-y-blanco-1240x415.png 1240w, http:\/\/www.diarioalbayzinera.com\/wp-content\/uploads\/2022\/07\/pistas-ejemplo-grupos-azul-y-verde-y-blanco-508x170.png 508w, http:\/\/www.diarioalbayzinera.com\/wp-content\/uploads\/2022\/07\/pistas-ejemplo-grupos-azul-y-verde-y-blanco.png 1741w\" sizes=\"(max-width: 1024px) 100vw, 1024px\" \/><\/figure><\/div>\n\n\n\n<p>Cada equipo, tiene un COLOR para sus pistas, que han de ir recogiendo como garant\u00eda (control) de haber pasado por ah\u00ed al final del juego para no ser descalificados y poder optar al tesoro. Si encuentras cualquier otra pista con un color diferente al asignado, debes dejarla donde est\u00e1. <\/p>\n\n\n\n<p style=\"background-color:#ecee9e\" class=\"has-background\"><em>Each team has a COLOUR for its clues, which must be collected as a guarantee (control) of having passed through it at the end of the game in order not to be disqualified and to be eligible for the treasure. If you find any other clue with a different colour to the one assigned, you must leave it where it<\/em>.<\/p>\n\n\n\n<pre class=\"wp-block-preformatted\">Ogni squadra ha un COLORE per i propri indizi, che devono raccogliere a garanzia (controllo) di essere passati di l\u00ec a fine partita per non essere squalificati ed essere eleggibili al tesoro. Se trovi altri indizi con un colore diverso da quello assegnato, dovresti lasciarli dove si trovano.<\/pre>\n\n\n\n<p>DATOS PARA LA ORIENTACI\u00d3N<\/p>\n\n\n\n<p>Granada es la ciudad con m\u00e1s metros lineales de murallas de Espa\u00f1a. Esto es as\u00ed porque conforme iba creciendo la poblaci\u00f3n de ciudad a lo largo de su Historia se iban construyendo nuevas murallas para aumentar el territorio a defender. Hay murallas musulmanas que se construyeron ya sobre antiguas murallas \u00cdberas pero a grandes rasgos, podr\u00edamos decir que Granada tiene tres tipos de murallas que no s\u00f3lo delimitan espacios sino las dimensiones y usos de la ciudad en esta \u00e9poca musulmana de la Historia de Granada en que se construyeron. La m\u00e1s antigua, situada por la parte del Bajo Albayz\u00edn ser\u00eda Zir\u00ed. La que est\u00e1 en la zona media, aunque se comenz\u00f3 en \u00e9poca Zir\u00ed se reconstruy\u00f3, incluso se construyeron partes nuevas, por los Almor\u00e1vides. Y la muralla m\u00e1s elevada y \u00faltima en construir fue la Nazar\u00ed. <\/p>\n\n\n\n<p style=\"background-color:#ecee9e\" class=\"has-background\"><em>Granada is the city with the most linear metres of city walls in Spain. This is because as the population of the city grew throughout its history, new walls were built to increase the territory to be defended. There are Muslim walls that were built on top of ancient Iberian walls, but broadly speaking, we could say that Granada has three types of walls that not only delimit spaces but also the dimensions and uses of the city in this Muslim period of Granada&#8217;s history in which they were built. The oldest, located on the lower part of the Albayz\u00edn, would be Zir\u00ed. The one in the middle area, although begun in the Zirid period, was rebuilt, and new parts were even built, by the Almoravids. And the highest and last wall to be built was the Nasrid wall.<\/em><\/p>\n\n\n\n<pre class=\"wp-block-preformatted\">Granada \u00e8 la citt\u00e0 con il maggior numero di metri lineari di mura in Spagna. Infatti, man mano che la popolazione della citt\u00e0 cresceva nel corso della sua storia, venivano costruite nuove mura per aumentare il territorio da difendere. Ci sono mura musulmane che sono state costruite sopra le antiche mura iberiche, ma in generale potremmo dire che Granada ha tre tipi di mura che non solo delimitano gli spazi, ma anche le dimensioni e gli usi della citt\u00e0 nel periodo musulmano della storia di Granada in cui sono state costruite. Il pi\u00f9 antico, situato nella parte bassa dell'Albayz\u00edn, sarebbe Zir\u00ed. Quella nella zona centrale, pur essendo stata iniziata in epoca zir\u00ed, fu ricostruita, e ne furono costruite anche nuove parti, dagli Almoravidi. Il muro pi\u00f9 alto e ultimo ad essere costruito fu quello nazar\u00ed.<\/pre>\n\n\n\n<p>Esta Gymkhana se va a desarrollar por las calles que hay debajo y casi en paralelo a la muralla Nazar\u00ed, en lo que primitivamente se llamaba ALBAYZ\u00cdN (Barrio de los Halconeros) y que posteriormente dio nombre a toda la colina que rodea esta muralla hasta el r\u00edo Darro. Es la muralla que est\u00e1 m\u00e1s elevada, por lo tanto, es un punto de referencia importante a tener en cuenta durante todo nuestro recorrido.<\/p>\n\n\n\n<p style=\"background-color:#ecee9e\" class=\"has-background\"><em>This Gymkhana will take place in the streets below and almost parallel to the Nasrid wall, in what was originally called ALBAYZ\u00cdN, Quarter of the Falconers, and which later gave its name to the whole hill that surrounds this wall up to the river Darro. It is the highest wall, so it is an important reference point to take into account throughout our tour.<\/em><\/p>\n\n\n\n<pre class=\"wp-block-preformatted\">Questa Gimcana si svolger\u00e0 per le vie sottostanti e quasi parallele al muro dei Nasridi, in quello che originariamente era chiamato ALBAYZ\u00cdN (Quartiere dei Falconieri) e che in seguito ha dato il nome all'intera collina che circonda questo muro fino al fiume Darro. \u00c8 la parete pi\u00f9 alta, quindi, \u00e8 un punto di riferimento importante da tenere in considerazione durante tutto il nostro tour.<\/pre>\n\n\n\n<p>\u00bfEST\u00c1IS PREPARADOS? <\/p>\n\n\n\n<p style=\"background-color:#ecee9e\" class=\"has-background\"><em>ARE YOU READY?<\/em><\/p>\n\n\n\n<pre class=\"wp-block-preformatted\">Siete pronti?<\/pre>\n\n\n\n<p>\u00a1COMIENZA EL JUEGO!<\/p>\n\n\n\n<p style=\"background-color:#ecee9e\" class=\"has-background\"><em>THE GAME IS ON!<\/em><\/p>\n\n\n\n<pre class=\"wp-block-preformatted\">INIZIA IL GIOCO!<\/pre>\n\n\n\n<p>El primer punto que deb\u00e9is buscar es la <em>F\u00c1BRICA DE CER\u00c1MICAS DE FAJALAUZA <strong>\u00abCECILIO MORALES\u00bb<\/strong><\/em> (Carretera de Murcia. A la altura del N\u00ba 61) <\/p>\n\n\n\n<p style=\"background-color:#ecee9e\" class=\"has-background\"><em>The first place you should look for is the F\u00c1BRICA DE CER\u00c1MICAS DE FAJALAUZA \u00abCECILIO MORALES\u00bb (Carretera de Murcia, at N\u00ba 61).<\/em><\/p>\n\n\n\n<pre class=\"wp-block-preformatted\">Il primo punto da cercare \u00e8 la FABBRICA DI CERAMICA DI FAJALAUZA \"CECILIO MORALES\" (Carretera de Murcia. Al culmine del N\u00ba 61)<\/pre>\n\n\n\n<div class=\"wp-block-image\"><figure class=\"aligncenter size-large\"><img loading=\"lazy\" decoding=\"async\" width=\"351\" height=\"760\" src=\"http:\/\/www.diarioalbayzinera.com\/wp-content\/uploads\/2022\/07\/imagen_fabrica-Fajalauza.jpg\" alt=\"\" class=\"wp-image-4592\" srcset=\"http:\/\/www.diarioalbayzinera.com\/wp-content\/uploads\/2022\/07\/imagen_fabrica-Fajalauza.jpg 351w, http:\/\/www.diarioalbayzinera.com\/wp-content\/uploads\/2022\/07\/imagen_fabrica-Fajalauza-139x300.jpg 139w\" sizes=\"(max-width: 351px) 100vw, 351px\" \/><figcaption>Fuente: Fundaci\u00f3n Fajalauza<\/figcaption><\/figure><\/div>\n\n\n\n<p><strong>\u00a1\u00a1MUCHO CUIDADO AL CRUZAR LA CARRETERA!!<\/strong> HAZ USO DE LOS PASOS DE PEATONES.<\/p>\n\n\n\n<p style=\"background-color:#ecee9e\" class=\"has-background\"><em>BE CAREFUL WHEN CROSSING THE ROAD! MAKE USE OF PEDESTRIAN CROSSINGS.<\/em><\/p>\n\n\n\n<pre class=\"wp-block-preformatted\">FATE MOLTA ATTENZIONE QUANDO ATTRAVERSATE LA STRADA!! UTILIZZARE I PASSAGGI PEDONALI.<\/pre>\n\n\n\n<p>Encuentra la OLAMBRILLA de tu color, GU\u00c1RDALA y haceros una foto SELFIE EN GRUPO.<\/p>\n\n\n\n<p style=\"background-color:#ecee9e\" class=\"has-background\"><em>Find the OLAMBRILLA of your colour, SAVE IT and make a GROUP SELFIE.<\/em><\/p>\n\n\n\n<pre class=\"wp-block-preformatted\">Trova l'OLAMBRILLA del tuo colore, SALVALO e scatta una foto del SELFIE DI GRUPPO.<\/pre>\n\n\n\n<p><a href=\"https:\/\/goo.gl\/maps\/BjWDdJ5MGumNAyku9\">https:\/\/goo.gl\/maps\/BjWDdJ5MGumNAyku9<\/a><\/p>\n\n\n\n<div class=\"wp-block-image\"><figure class=\"aligncenter size-large is-resized\"><img loading=\"lazy\" decoding=\"async\" src=\"http:\/\/www.diarioalbayzinera.com\/wp-content\/uploads\/2022\/07\/cecilio-morales-fajalauza-1-1024x683.jpg\" alt=\"\" class=\"wp-image-4612\" width=\"256\" height=\"171\" srcset=\"http:\/\/www.diarioalbayzinera.com\/wp-content\/uploads\/2022\/07\/cecilio-morales-fajalauza-1-1024x683.jpg 1024w, http:\/\/www.diarioalbayzinera.com\/wp-content\/uploads\/2022\/07\/cecilio-morales-fajalauza-1-300x200.jpg 300w, http:\/\/www.diarioalbayzinera.com\/wp-content\/uploads\/2022\/07\/cecilio-morales-fajalauza-1-768x512.jpg 768w, http:\/\/www.diarioalbayzinera.com\/wp-content\/uploads\/2022\/07\/cecilio-morales-fajalauza-1-1536x1024.jpg 1536w, http:\/\/www.diarioalbayzinera.com\/wp-content\/uploads\/2022\/07\/cecilio-morales-fajalauza-1-2048x1366.jpg 2048w, http:\/\/www.diarioalbayzinera.com\/wp-content\/uploads\/2022\/07\/cecilio-morales-fajalauza-1-1240x827.jpg 1240w, http:\/\/www.diarioalbayzinera.com\/wp-content\/uploads\/2022\/07\/cecilio-morales-fajalauza-1-508x339.jpg 508w\" sizes=\"(max-width: 256px) 100vw, 256px\" \/><figcaption>Fuente: 18\/11\/21.- Fachada de la fabrica de cer\u00e1mica granadina Fajalauza. <br>Foto: Ferm\u00edn Rodr\u00edguez<br><\/figcaption><\/figure><\/div>\n\n\n\n<div class=\"wp-block-image\"><figure class=\"aligncenter size-large is-resized\"><img loading=\"lazy\" decoding=\"async\" src=\"http:\/\/www.diarioalbayzinera.com\/wp-content\/uploads\/2022\/07\/APDI-Spain-1024x924.png\" alt=\"\" class=\"wp-image-4672\" width=\"256\" height=\"231\" srcset=\"http:\/\/www.diarioalbayzinera.com\/wp-content\/uploads\/2022\/07\/APDI-Spain-1024x924.png 1024w, http:\/\/www.diarioalbayzinera.com\/wp-content\/uploads\/2022\/07\/APDI-Spain-300x271.png 300w, http:\/\/www.diarioalbayzinera.com\/wp-content\/uploads\/2022\/07\/APDI-Spain-768x693.png 768w, http:\/\/www.diarioalbayzinera.com\/wp-content\/uploads\/2022\/07\/APDI-Spain-1536x1386.png 1536w, http:\/\/www.diarioalbayzinera.com\/wp-content\/uploads\/2022\/07\/APDI-Spain-2048x1848.png 2048w, http:\/\/www.diarioalbayzinera.com\/wp-content\/uploads\/2022\/07\/APDI-Spain-1240x1119.png 1240w, http:\/\/www.diarioalbayzinera.com\/wp-content\/uploads\/2022\/07\/APDI-Spain-508x458.png 508w\" sizes=\"(max-width: 256px) 100vw, 256px\" \/><\/figure><\/div>\n\n\n\n<div class=\"wp-block-image\"><figure class=\"aligncenter size-large\"><img loading=\"lazy\" decoding=\"async\" width=\"606\" height=\"147\" src=\"http:\/\/www.diarioalbayzinera.com\/wp-content\/uploads\/2022\/07\/Todo-junto-Gymkana-Fajalauza.png\" alt=\"\" class=\"wp-image-4673\" srcset=\"http:\/\/www.diarioalbayzinera.com\/wp-content\/uploads\/2022\/07\/Todo-junto-Gymkana-Fajalauza.png 606w, http:\/\/www.diarioalbayzinera.com\/wp-content\/uploads\/2022\/07\/Todo-junto-Gymkana-Fajalauza-300x73.png 300w, http:\/\/www.diarioalbayzinera.com\/wp-content\/uploads\/2022\/07\/Todo-junto-Gymkana-Fajalauza-508x123.png 508w\" sizes=\"(max-width: 606px) 100vw, 606px\" \/><\/figure><\/div>\n","protected":false},"excerpt":{"rendered":"<p>\u00c9sta ser\u00e1 una Gymkhana de Orientaci\u00f3n. Todos los equipos han de encontrar un TESORO escondido siguiendo las pistas que ir\u00e1n marcando el recorrido a seguir para encontrarlo. This will be an Orienteering Gymkhana. All the teams have to find a hidden TREASURE following the clues that will mark the route to follow to find it. [&hellip;]<\/p>\n","protected":false},"author":2,"featured_media":4704,"comment_status":"open","ping_status":"open","sticky":false,"template":"","format":"standard","meta":{"footnotes":""},"categories":[168],"tags":[169],"_links":{"self":[{"href":"http:\/\/www.diarioalbayzinera.com\/index.php\/wp-json\/wp\/v2\/posts\/4568"}],"collection":[{"href":"http:\/\/www.diarioalbayzinera.com\/index.php\/wp-json\/wp\/v2\/posts"}],"about":[{"href":"http:\/\/www.diarioalbayzinera.com\/index.php\/wp-json\/wp\/v2\/types\/post"}],"author":[{"embeddable":true,"href":"http:\/\/www.diarioalbayzinera.com\/index.php\/wp-json\/wp\/v2\/users\/2"}],"replies":[{"embeddable":true,"href":"http:\/\/www.diarioalbayzinera.com\/index.php\/wp-json\/wp\/v2\/comments?post=4568"}],"version-history":[{"count":17,"href":"http:\/\/www.diarioalbayzinera.com\/index.php\/wp-json\/wp\/v2\/posts\/4568\/revisions"}],"predecessor-version":[{"id":4705,"href":"http:\/\/www.diarioalbayzinera.com\/index.php\/wp-json\/wp\/v2\/posts\/4568\/revisions\/4705"}],"wp:featuredmedia":[{"embeddable":true,"href":"http:\/\/www.diarioalbayzinera.com\/index.php\/wp-json\/wp\/v2\/media\/4704"}],"wp:attachment":[{"href":"http:\/\/www.diarioalbayzinera.com\/index.php\/wp-json\/wp\/v2\/media?parent=4568"}],"wp:term":[{"taxonomy":"category","embeddable":true,"href":"http:\/\/www.diarioalbayzinera.com\/index.php\/wp-json\/wp\/v2\/categories?post=4568"},{"taxonomy":"post_tag","embeddable":true,"href":"http:\/\/www.diarioalbayzinera.com\/index.php\/wp-json\/wp\/v2\/tags?post=4568"}],"curies":[{"name":"wp","href":"https:\/\/api.w.org\/{rel}","templated":true}]}}