{"id":4030,"date":"2021-11-24T13:21:08","date_gmt":"2021-11-24T12:21:08","guid":{"rendered":"http:\/\/www.diarioalbayzinera.com\/?p=4030"},"modified":"2021-11-28T09:56:34","modified_gmt":"2021-11-28T08:56:34","slug":"mensaje-final-de-la-fiesta-del-arbol","status":"publish","type":"post","link":"http:\/\/www.diarioalbayzinera.com\/index.php\/2021\/11\/24\/mensaje-final-de-la-fiesta-del-arbol\/","title":{"rendered":"MENSAJE FINAL DE LA FIESTA DEL \u00c1RBOL"},"content":{"rendered":"\n<p>\u00a1Lo hab\u00e9is conseguido!<\/p>\n\n\n\n<p>No s\u00f3lo hab\u00e9is encontrado un plant\u00f3n para Adora sino que adem\u00e1s tambi\u00e9n hab\u00e9is encontrado el vuestro propio.<\/p>\n\n\n\n<p>Hoy hemos aprendido que el Albayz\u00edn aunque no veamos lo que tiene escondido tras las tapias de sus c\u00e1rmenes, en realidad es un gran pulm\u00f3n de aire puro para la ciudad con sus jardines, huertos, patios, balcones y alcorques y por eso muchos de sus jardines est\u00e1n catalogados y protegidos por la ley.<\/p>\n\n\n\n<p>Somos muchos ya los que consideramos que el bosque es nuestro mejor aliado para enfrentarse a las enfermedades de la Naturaleza y que, por tanto, dentro de las ciudades tambi\u00e9n hay que mantener esa salud forestal. <\/p>\n\n\n\n<p>Y tambi\u00e9n hemos aprendido hoy que esto no es una idea de ahora, sino que un siglo atr\u00e1s muchos granadinos ya se preocupaban por la falta de \u00e1rboles como bien para la humanidad y luchaban por ello.<\/p>\n\n\n\n<p>Es por este motivo que podemos decir que PLANTAR \u00c1RBOLES es la acci\u00f3n m\u00e1s destacada que podemos hacer en favor de la vida, con la a\u00f1adidura de que es un acto de generosidad profundamente TRASCENDENTAL porque el que planta un \u00e1rbol no lo hace para disfrutar de sus frutos, de su madera o de su sombra, sino que sabe que lo hace para que lo disfruten los hijos de sus hijos. Es un REGALO que le hacemos al futuro, y hoy NOSOTR@S vamos a comenzar a germinar con mucho amor ese regalo que le queremos hacer a nuestras FUTURAS generaciones.<\/p>\n\n\n\n<p>\u00a1Enhorabuena hortelanos!<\/p>\n\n\n\n<p>No olvid\u00e9is mantener siempre limpios los campos y no cometer imprudencias que puedan dar lugar a incendios para cuidar de que lo que ya tenemos no se pierda. Y, por supuesto, mandadnos fotos para compartirnos la evoluci\u00f3n de vuestras bellotas hasta que crezcan y podamos salir a plantarlos al campo, por Twitter o Facebook a DIARIO DE UNA ALBAYZINERA 1920, para publicarlas y que todos se animen a germinar en sus casas al ver lo importante que es plantar \u00e1rboles.<\/p>\n\n\n\n<p>Muchas gracias por hacer de este planeta un lugar un poquito m\u00e1s habitable.<\/p>\n\n\n\n<p>\u00a1Os quiero, peque\u00f1os forestales urbanos!<\/p>\n\n\n\n<p>Nos vemos pronto.<\/p>\n\n\n\n<div class=\"wp-block-image is-style-rounded\"><figure class=\"aligncenter size-large\"><img loading=\"lazy\" decoding=\"async\" width=\"398\" height=\"398\" src=\"http:\/\/www.diarioalbayzinera.com\/wp-content\/uploads\/2020\/04\/Gui\u00f1o.jpg\" alt=\"\" class=\"wp-image-1651\" srcset=\"http:\/\/www.diarioalbayzinera.com\/wp-content\/uploads\/2020\/04\/Gui\u00f1o.jpg 398w, http:\/\/www.diarioalbayzinera.com\/wp-content\/uploads\/2020\/04\/Gui\u00f1o-300x300.jpg 300w, http:\/\/www.diarioalbayzinera.com\/wp-content\/uploads\/2020\/04\/Gui\u00f1o-150x150.jpg 150w\" sizes=\"(max-width: 398px) 100vw, 398px\" \/><\/figure><\/div>\n\n\n\n<p><\/p>\n","protected":false},"excerpt":{"rendered":"<p>\u00a1Lo hab\u00e9is conseguido! No s\u00f3lo hab\u00e9is encontrado un plant\u00f3n para Adora sino que adem\u00e1s tambi\u00e9n hab\u00e9is encontrado el vuestro propio. Hoy hemos aprendido que el Albayz\u00edn aunque no veamos lo que tiene escondido tras las tapias de sus c\u00e1rmenes, en realidad es un gran pulm\u00f3n de aire puro para la ciudad con sus jardines, huertos, [&hellip;]<\/p>\n","protected":false},"author":2,"featured_media":0,"comment_status":"open","ping_status":"open","sticky":false,"template":"","format":"standard","meta":{"footnotes":""},"categories":[166],"tags":[],"_links":{"self":[{"href":"http:\/\/www.diarioalbayzinera.com\/index.php\/wp-json\/wp\/v2\/posts\/4030"}],"collection":[{"href":"http:\/\/www.diarioalbayzinera.com\/index.php\/wp-json\/wp\/v2\/posts"}],"about":[{"href":"http:\/\/www.diarioalbayzinera.com\/index.php\/wp-json\/wp\/v2\/types\/post"}],"author":[{"embeddable":true,"href":"http:\/\/www.diarioalbayzinera.com\/index.php\/wp-json\/wp\/v2\/users\/2"}],"replies":[{"embeddable":true,"href":"http:\/\/www.diarioalbayzinera.com\/index.php\/wp-json\/wp\/v2\/comments?post=4030"}],"version-history":[{"count":7,"href":"http:\/\/www.diarioalbayzinera.com\/index.php\/wp-json\/wp\/v2\/posts\/4030\/revisions"}],"predecessor-version":[{"id":4326,"href":"http:\/\/www.diarioalbayzinera.com\/index.php\/wp-json\/wp\/v2\/posts\/4030\/revisions\/4326"}],"wp:attachment":[{"href":"http:\/\/www.diarioalbayzinera.com\/index.php\/wp-json\/wp\/v2\/media?parent=4030"}],"wp:term":[{"taxonomy":"category","embeddable":true,"href":"http:\/\/www.diarioalbayzinera.com\/index.php\/wp-json\/wp\/v2\/categories?post=4030"},{"taxonomy":"post_tag","embeddable":true,"href":"http:\/\/www.diarioalbayzinera.com\/index.php\/wp-json\/wp\/v2\/tags?post=4030"}],"curies":[{"name":"wp","href":"https:\/\/api.w.org\/{rel}","templated":true}]}}