{"id":4028,"date":"2021-11-24T13:19:21","date_gmt":"2021-11-24T12:19:21","guid":{"rendered":"http:\/\/www.diarioalbayzinera.com\/?p=4028"},"modified":"2021-11-26T01:26:21","modified_gmt":"2021-11-26T00:26:21","slug":"presentacion-de-la-gymkhana","status":"publish","type":"post","link":"http:\/\/www.diarioalbayzinera.com\/index.php\/2021\/11\/24\/presentacion-de-la-gymkhana\/","title":{"rendered":"PRESENTACI\u00d3N DE LA GYMKHANA"},"content":{"rendered":"\n<figure class=\"wp-block-embed-wordpress wp-block-embed is-type-wp-embed is-provider-diario-de-una-albayzinera-1920\"><div class=\"wp-block-embed__wrapper\">\n<blockquote class=\"wp-embedded-content\" data-secret=\"UN6D2ZsW0y\"><a href=\"http:\/\/www.diarioalbayzinera.com\/index.php\/2020\/02\/29\/29-febrero-de-1920-domingo\/\">29 FEBRERO DE 1920, domingo<\/a><\/blockquote><iframe class=\"wp-embedded-content\" sandbox=\"allow-scripts\" security=\"restricted\" style=\"position: absolute; clip: rect(1px, 1px, 1px, 1px);\" title=\"\u00ab29 FEBRERO DE 1920, domingo\u00bb \u2014 DIARIO DE UNA ALBAYZINERA 1920\" src=\"http:\/\/www.diarioalbayzinera.com\/index.php\/2020\/02\/29\/29-febrero-de-1920-domingo\/embed\/#?secret=UN6D2ZsW0y\" data-secret=\"UN6D2ZsW0y\" width=\"600\" height=\"338\" frameborder=\"0\" marginwidth=\"0\" marginheight=\"0\" scrolling=\"no\"><\/iframe>\n<\/div><\/figure>\n\n\n\n<p>Queridos amig@s:<\/p>\n\n\n\n<p>Una vez m\u00e1s recurro a vosotros para que me ayud\u00e9is a resolver un entuerto.<\/p>\n\n\n\n<p>Resulta que se aproxima la Fiesta del \u00c1rbol y, ahora mi hermana Adora que se ha decidido por cuidar un plant\u00f3n para participa en ella, no encuentra ninguno.<\/p>\n\n\n\n<p>Unos dicen que se han agotado porque todos los ni\u00f1os y ni\u00f1as de Granada quieren participar en la fiesta, otros que si han sido robados de los viveros y otros que est\u00e1n escondidos por el Albayz\u00edn esperando ser encontrados s\u00f3lo por aquellos que deseen de verdad plantar uno.<\/p>\n\n\n\n<p>El caso, que para encontrarlos, he dise\u00f1ado varias rutas por el barrio para que entre todos hagamos una batida por sus calles a ver si encontramos alguno para Adora que cuando empieza con el erre que erre no hay quien la aguante, y quien sabe si encontraremos alguno m\u00e1s para nosotros.<\/p>\n\n\n\n<p>Cada familia seguir\u00e1 una ruta con seis localizaciones, en cada localizaci\u00f3n encontrar\u00e9is un c\u00f3digo QR con el color de vuestra ruta que deber\u00e9is escanear para conocer cu\u00e1l es la siguiente localizaci\u00f3n.<\/p>\n\n\n\n<p>En algunos puntos incluso tendr\u00e9is que pasar pruebas para obtener el QR, pero adem\u00e1s deb\u00e9is estar atentos a los alcorques y tapias porque para poder acceder a la prueba final tendr\u00e9is que decir el nombre de 5 tipos de \u00e1rboles que hay\u00e1is visto a lo largo de vuestra ruta. Y atentos tambi\u00e9n a las historias que os voy contando porque puede que os hagan alguna pregunta como prueba para ver si conoc\u00e9is bien lo importantes que son los \u00e1rboles en los huertos, jardines y placetas del Albayz\u00edn.<\/p>\n\n\n\n<p>\u00bfEst\u00e1is preparad@s? \u00bfQu\u00e9 ruta te ha tocado?<\/p>\n\n\n\n<div class=\"wp-block-image is-style-rounded\"><figure class=\"aligncenter size-large is-resized\"><img loading=\"lazy\" decoding=\"async\" src=\"http:\/\/www.diarioalbayzinera.com\/wp-content\/uploads\/2020\/01\/Concha-exploradora-copia.jpg\" alt=\"\" class=\"wp-image-1235\" width=\"199\" height=\"199\" srcset=\"http:\/\/www.diarioalbayzinera.com\/wp-content\/uploads\/2020\/01\/Concha-exploradora-copia.jpg 398w, http:\/\/www.diarioalbayzinera.com\/wp-content\/uploads\/2020\/01\/Concha-exploradora-copia-300x300.jpg 300w, http:\/\/www.diarioalbayzinera.com\/wp-content\/uploads\/2020\/01\/Concha-exploradora-copia-150x150.jpg 150w\" sizes=\"(max-width: 199px) 100vw, 199px\" \/><\/figure><\/div>\n","protected":false},"excerpt":{"rendered":"<p>Queridos amig@s: Una vez m\u00e1s recurro a vosotros para que me ayud\u00e9is a resolver un entuerto. Resulta que se aproxima la Fiesta del \u00c1rbol y, ahora mi hermana Adora que se ha decidido por cuidar un plant\u00f3n para participa en ella, no encuentra ninguno. Unos dicen que se han agotado porque todos los ni\u00f1os y [&hellip;]<\/p>\n","protected":false},"author":2,"featured_media":0,"comment_status":"open","ping_status":"open","sticky":false,"template":"","format":"standard","meta":{"footnotes":""},"categories":[166],"tags":[],"_links":{"self":[{"href":"http:\/\/www.diarioalbayzinera.com\/index.php\/wp-json\/wp\/v2\/posts\/4028"}],"collection":[{"href":"http:\/\/www.diarioalbayzinera.com\/index.php\/wp-json\/wp\/v2\/posts"}],"about":[{"href":"http:\/\/www.diarioalbayzinera.com\/index.php\/wp-json\/wp\/v2\/types\/post"}],"author":[{"embeddable":true,"href":"http:\/\/www.diarioalbayzinera.com\/index.php\/wp-json\/wp\/v2\/users\/2"}],"replies":[{"embeddable":true,"href":"http:\/\/www.diarioalbayzinera.com\/index.php\/wp-json\/wp\/v2\/comments?post=4028"}],"version-history":[{"count":9,"href":"http:\/\/www.diarioalbayzinera.com\/index.php\/wp-json\/wp\/v2\/posts\/4028\/revisions"}],"predecessor-version":[{"id":4092,"href":"http:\/\/www.diarioalbayzinera.com\/index.php\/wp-json\/wp\/v2\/posts\/4028\/revisions\/4092"}],"wp:attachment":[{"href":"http:\/\/www.diarioalbayzinera.com\/index.php\/wp-json\/wp\/v2\/media?parent=4028"}],"wp:term":[{"taxonomy":"category","embeddable":true,"href":"http:\/\/www.diarioalbayzinera.com\/index.php\/wp-json\/wp\/v2\/categories?post=4028"},{"taxonomy":"post_tag","embeddable":true,"href":"http:\/\/www.diarioalbayzinera.com\/index.php\/wp-json\/wp\/v2\/tags?post=4028"}],"curies":[{"name":"wp","href":"https:\/\/api.w.org\/{rel}","templated":true}]}}