{"id":4026,"date":"2021-11-24T13:17:23","date_gmt":"2021-11-24T12:17:23","guid":{"rendered":"http:\/\/www.diarioalbayzinera.com\/?p=4026"},"modified":"2021-11-25T22:55:32","modified_gmt":"2021-11-25T21:55:32","slug":"san-nicolas","status":"publish","type":"post","link":"http:\/\/www.diarioalbayzinera.com\/index.php\/2021\/11\/24\/san-nicolas\/","title":{"rendered":"SAN NICOL\u00c1S"},"content":{"rendered":"\n<p>En San Nicol\u00e1s se hallaba el Centro Escolar del Albayz\u00edn, Alfonso XIII, Escuela de Ense\u00f1anza Nacional. Actual CEIP G\u00f3mez Moreno.<\/p>\n\n\n\n<p>Hace 100 a\u00f1os, a principios de Marzo se celebraba aqu\u00ed la Fiesta del \u00c1rbol, con cientos de ni\u00f1os procedentes de todas las Escuelas Nacionales de Granada. Y con tal grandeza y solemnidad que hasta en la Universidad cortaban las clases ese d\u00eda y todas las autoridades de Granada acud\u00edan a este trascendental festejo.<\/p>\n\n\n\n<figure class=\"wp-block-embed-wordpress wp-block-embed is-type-wp-embed is-provider-diario-de-una-albayzinera-1920\"><div class=\"wp-block-embed__wrapper\">\n<blockquote class=\"wp-embedded-content\" data-secret=\"Ad8TgYNHWN\"><a href=\"http:\/\/www.diarioalbayzinera.com\/index.php\/2020\/03\/04\/4-marzo-de-1920-jueves\/\">4 MARZO DE 1920, JUEVES.<\/a><\/blockquote><iframe class=\"wp-embedded-content\" sandbox=\"allow-scripts\" security=\"restricted\" style=\"position: absolute; clip: rect(1px, 1px, 1px, 1px);\" title=\"\u00ab4 MARZO DE 1920, JUEVES.\u00bb \u2014 DIARIO DE UNA ALBAYZINERA 1920\" src=\"http:\/\/www.diarioalbayzinera.com\/index.php\/2020\/03\/04\/4-marzo-de-1920-jueves\/embed\/#?secret=Ad8TgYNHWN\" data-secret=\"Ad8TgYNHWN\" width=\"600\" height=\"338\" frameborder=\"0\" marginwidth=\"0\" marginheight=\"0\" scrolling=\"no\"><\/iframe>\n<\/div><\/figure>\n\n\n\n<p>\u00bfSeremos capaces de encontrar definitivamente nuestro plant\u00f3n por all\u00ed?<\/p>\n\n\n\n<div class=\"wp-block-image is-style-rounded\"><figure class=\"aligncenter size-large is-resized\"><img loading=\"lazy\" decoding=\"async\" src=\"http:\/\/www.diarioalbayzinera.com\/wp-content\/uploads\/2020\/01\/lupa-transoarencia-1.jpg\" alt=\"\" class=\"wp-image-1005\" width=\"225\" height=\"225\" srcset=\"http:\/\/www.diarioalbayzinera.com\/wp-content\/uploads\/2020\/01\/lupa-transoarencia-1.jpg 900w, http:\/\/www.diarioalbayzinera.com\/wp-content\/uploads\/2020\/01\/lupa-transoarencia-1-300x300.jpg 300w, http:\/\/www.diarioalbayzinera.com\/wp-content\/uploads\/2020\/01\/lupa-transoarencia-1-150x150.jpg 150w, http:\/\/www.diarioalbayzinera.com\/wp-content\/uploads\/2020\/01\/lupa-transoarencia-1-768x768.jpg 768w, http:\/\/www.diarioalbayzinera.com\/wp-content\/uploads\/2020\/01\/lupa-transoarencia-1-508x508.jpg 508w\" sizes=\"(max-width: 225px) 100vw, 225px\" \/><\/figure><\/div>\n","protected":false},"excerpt":{"rendered":"<p>En San Nicol\u00e1s se hallaba el Centro Escolar del Albayz\u00edn, Alfonso XIII, Escuela de Ense\u00f1anza Nacional. Actual CEIP G\u00f3mez Moreno. Hace 100 a\u00f1os, a principios de Marzo se celebraba aqu\u00ed la Fiesta del \u00c1rbol, con cientos de ni\u00f1os procedentes de todas las Escuelas Nacionales de Granada. Y con tal grandeza y solemnidad que hasta en [&hellip;]<\/p>\n","protected":false},"author":2,"featured_media":0,"comment_status":"open","ping_status":"open","sticky":false,"template":"","format":"standard","meta":{"footnotes":""},"categories":[166],"tags":[],"_links":{"self":[{"href":"http:\/\/www.diarioalbayzinera.com\/index.php\/wp-json\/wp\/v2\/posts\/4026"}],"collection":[{"href":"http:\/\/www.diarioalbayzinera.com\/index.php\/wp-json\/wp\/v2\/posts"}],"about":[{"href":"http:\/\/www.diarioalbayzinera.com\/index.php\/wp-json\/wp\/v2\/types\/post"}],"author":[{"embeddable":true,"href":"http:\/\/www.diarioalbayzinera.com\/index.php\/wp-json\/wp\/v2\/users\/2"}],"replies":[{"embeddable":true,"href":"http:\/\/www.diarioalbayzinera.com\/index.php\/wp-json\/wp\/v2\/comments?post=4026"}],"version-history":[{"count":2,"href":"http:\/\/www.diarioalbayzinera.com\/index.php\/wp-json\/wp\/v2\/posts\/4026\/revisions"}],"predecessor-version":[{"id":4063,"href":"http:\/\/www.diarioalbayzinera.com\/index.php\/wp-json\/wp\/v2\/posts\/4026\/revisions\/4063"}],"wp:attachment":[{"href":"http:\/\/www.diarioalbayzinera.com\/index.php\/wp-json\/wp\/v2\/media?parent=4026"}],"wp:term":[{"taxonomy":"category","embeddable":true,"href":"http:\/\/www.diarioalbayzinera.com\/index.php\/wp-json\/wp\/v2\/categories?post=4026"},{"taxonomy":"post_tag","embeddable":true,"href":"http:\/\/www.diarioalbayzinera.com\/index.php\/wp-json\/wp\/v2\/tags?post=4026"}],"curies":[{"name":"wp","href":"https:\/\/api.w.org\/{rel}","templated":true}]}}