{"id":4024,"date":"2021-11-24T13:15:36","date_gmt":"2021-11-24T12:15:36","guid":{"rendered":"http:\/\/www.diarioalbayzinera.com\/?p=4024"},"modified":"2021-11-25T22:19:45","modified_gmt":"2021-11-25T21:19:45","slug":"placeta-cristo-de-las-azucenas","status":"publish","type":"post","link":"http:\/\/www.diarioalbayzinera.com\/index.php\/2021\/11\/24\/placeta-cristo-de-las-azucenas\/","title":{"rendered":"PLACETA CRISTO DE LAS AZUCENAS"},"content":{"rendered":"\n<p>En este punto, muy cercano al Huerto de Carlos, en donde se insertan la calle Pilar Seco, Aljibe de la Gitana y el callej\u00f3n de las monjas, hubo una peque\u00f1a mezquita, con su aljibe alimentado por la acequia de Aynadamar que fue derruida y en su lugar se coloc\u00f3 una hornacina oratorio con una pintura de un Cristo decorado con unas azucenas. <\/p>\n\n\n\n<p>Pero el misterio surge cuando en la Gacetilla Curiosa o Semanario Granadino (la prensa de la \u00e9poca) el 13 de Abril de 1765 narra que el hortelano de Santa Isabel la Real coloc\u00f3 un ramo de azucenas junto al Cristo que pasados tres meses se hab\u00edan marchitado, obviamente, pero que de sus tallos secos brot\u00f3 m\u00e1gicamente una hermos\u00edsima azucena blanca.<\/p>\n\n\n\n<p>\u00bfHabr\u00e1 brotado m\u00e1gicamente tambi\u00e9n alg\u00fan plant\u00f3n por esta placeta?<\/p>\n\n\n\n<p>Pues vamos a ver. Inspeccionar bien la zona, algo tiene que haber.<\/p>\n\n\n\n<div class=\"wp-block-image is-style-rounded\"><figure class=\"aligncenter size-large is-resized\"><img loading=\"lazy\" decoding=\"async\" src=\"http:\/\/www.diarioalbayzinera.com\/wp-content\/uploads\/2020\/01\/lupa-transoarencia-1.jpg\" alt=\"\" class=\"wp-image-1005\" width=\"225\" height=\"225\" srcset=\"http:\/\/www.diarioalbayzinera.com\/wp-content\/uploads\/2020\/01\/lupa-transoarencia-1.jpg 900w, http:\/\/www.diarioalbayzinera.com\/wp-content\/uploads\/2020\/01\/lupa-transoarencia-1-300x300.jpg 300w, http:\/\/www.diarioalbayzinera.com\/wp-content\/uploads\/2020\/01\/lupa-transoarencia-1-150x150.jpg 150w, http:\/\/www.diarioalbayzinera.com\/wp-content\/uploads\/2020\/01\/lupa-transoarencia-1-768x768.jpg 768w, http:\/\/www.diarioalbayzinera.com\/wp-content\/uploads\/2020\/01\/lupa-transoarencia-1-508x508.jpg 508w\" sizes=\"(max-width: 225px) 100vw, 225px\" \/><\/figure><\/div>\n","protected":false},"excerpt":{"rendered":"<p>En este punto, muy cercano al Huerto de Carlos, en donde se insertan la calle Pilar Seco, Aljibe de la Gitana y el callej\u00f3n de las monjas, hubo una peque\u00f1a mezquita, con su aljibe alimentado por la acequia de Aynadamar que fue derruida y en su lugar se coloc\u00f3 una hornacina oratorio con una pintura [&hellip;]<\/p>\n","protected":false},"author":2,"featured_media":0,"comment_status":"open","ping_status":"open","sticky":false,"template":"","format":"standard","meta":{"footnotes":""},"categories":[166],"tags":[],"_links":{"self":[{"href":"http:\/\/www.diarioalbayzinera.com\/index.php\/wp-json\/wp\/v2\/posts\/4024"}],"collection":[{"href":"http:\/\/www.diarioalbayzinera.com\/index.php\/wp-json\/wp\/v2\/posts"}],"about":[{"href":"http:\/\/www.diarioalbayzinera.com\/index.php\/wp-json\/wp\/v2\/types\/post"}],"author":[{"embeddable":true,"href":"http:\/\/www.diarioalbayzinera.com\/index.php\/wp-json\/wp\/v2\/users\/2"}],"replies":[{"embeddable":true,"href":"http:\/\/www.diarioalbayzinera.com\/index.php\/wp-json\/wp\/v2\/comments?post=4024"}],"version-history":[{"count":4,"href":"http:\/\/www.diarioalbayzinera.com\/index.php\/wp-json\/wp\/v2\/posts\/4024\/revisions"}],"predecessor-version":[{"id":4057,"href":"http:\/\/www.diarioalbayzinera.com\/index.php\/wp-json\/wp\/v2\/posts\/4024\/revisions\/4057"}],"wp:attachment":[{"href":"http:\/\/www.diarioalbayzinera.com\/index.php\/wp-json\/wp\/v2\/media?parent=4024"}],"wp:term":[{"taxonomy":"category","embeddable":true,"href":"http:\/\/www.diarioalbayzinera.com\/index.php\/wp-json\/wp\/v2\/categories?post=4024"},{"taxonomy":"post_tag","embeddable":true,"href":"http:\/\/www.diarioalbayzinera.com\/index.php\/wp-json\/wp\/v2\/tags?post=4024"}],"curies":[{"name":"wp","href":"https:\/\/api.w.org\/{rel}","templated":true}]}}