{"id":4016,"date":"2021-11-24T13:10:16","date_gmt":"2021-11-24T12:10:16","guid":{"rendered":"http:\/\/www.diarioalbayzinera.com\/?p=4016"},"modified":"2021-11-25T21:51:00","modified_gmt":"2021-11-25T20:51:00","slug":"calle-del-clavel","status":"publish","type":"post","link":"http:\/\/www.diarioalbayzinera.com\/index.php\/2021\/11\/24\/calle-del-clavel\/","title":{"rendered":"CALLE CLAVEL de San Jos\u00e9"},"content":{"rendered":"\n<p>Como ya sabemos, los jardines albaicineros son muy especiales porque mezclan lo ornamental con la producci\u00f3n de alimentos y por eso se les llaman tambi\u00e9n huertos. <\/p>\n\n\n\n<p>En este lugar hab\u00eda un huerto albaicinero muy peque\u00f1ito que ten\u00eda un arriate sembrado de claveles, desde el que todos los d\u00edas le llevaban un clavel a la imagen de San Jos\u00e9, por lo que esta calle se populariz\u00f3, por la costumbre, con el nombre de Clavel de San Jos\u00e9.<\/p>\n\n\n\n<p>Conecta las calles San Jos\u00e9 y Bocanegra con la calle de la Ti\u00f1a.<\/p>\n\n\n\n<p>\u00a1A m\u00ed me encantan las flores! \u00bfY a ti?<\/p>\n\n\n\n<figure class=\"wp-block-embed-wordpress wp-block-embed is-type-wp-embed is-provider-diario-de-una-albayzinera-1920\"><div class=\"wp-block-embed__wrapper\">\n<blockquote class=\"wp-embedded-content\" data-secret=\"e3hSb7zeYL\"><a href=\"http:\/\/www.diarioalbayzinera.com\/index.php\/2020\/02\/22\/22-febrero-de-1920-domingo\/\">22 FEBRERO DE 1920, DOMINGO<\/a><\/blockquote><iframe class=\"wp-embedded-content\" sandbox=\"allow-scripts\" security=\"restricted\" style=\"position: absolute; clip: rect(1px, 1px, 1px, 1px);\" title=\"\u00ab22 FEBRERO DE 1920, DOMINGO\u00bb \u2014 DIARIO DE UNA ALBAYZINERA 1920\" src=\"http:\/\/www.diarioalbayzinera.com\/index.php\/2020\/02\/22\/22-febrero-de-1920-domingo\/embed\/#?secret=e3hSb7zeYL\" data-secret=\"e3hSb7zeYL\" width=\"600\" height=\"338\" frameborder=\"0\" marginwidth=\"0\" marginheight=\"0\" scrolling=\"no\"><\/iframe>\n<\/div><\/figure>\n\n\n\n<div class=\"wp-block-image is-style-rounded\"><figure class=\"aligncenter size-large is-resized\"><img loading=\"lazy\" decoding=\"async\" src=\"http:\/\/www.diarioalbayzinera.com\/wp-content\/uploads\/2020\/01\/lupa-transoarencia-1.jpg\" alt=\"\" class=\"wp-image-1005\" width=\"225\" height=\"225\" srcset=\"http:\/\/www.diarioalbayzinera.com\/wp-content\/uploads\/2020\/01\/lupa-transoarencia-1.jpg 900w, http:\/\/www.diarioalbayzinera.com\/wp-content\/uploads\/2020\/01\/lupa-transoarencia-1-300x300.jpg 300w, http:\/\/www.diarioalbayzinera.com\/wp-content\/uploads\/2020\/01\/lupa-transoarencia-1-150x150.jpg 150w, http:\/\/www.diarioalbayzinera.com\/wp-content\/uploads\/2020\/01\/lupa-transoarencia-1-768x768.jpg 768w, http:\/\/www.diarioalbayzinera.com\/wp-content\/uploads\/2020\/01\/lupa-transoarencia-1-508x508.jpg 508w\" sizes=\"(max-width: 225px) 100vw, 225px\" \/><\/figure><\/div>\n","protected":false},"excerpt":{"rendered":"<p>Como ya sabemos, los jardines albaicineros son muy especiales porque mezclan lo ornamental con la producci\u00f3n de alimentos y por eso se les llaman tambi\u00e9n huertos. En este lugar hab\u00eda un huerto albaicinero muy peque\u00f1ito que ten\u00eda un arriate sembrado de claveles, desde el que todos los d\u00edas le llevaban un clavel a la imagen [&hellip;]<\/p>\n","protected":false},"author":2,"featured_media":0,"comment_status":"open","ping_status":"open","sticky":false,"template":"","format":"standard","meta":{"footnotes":""},"categories":[166],"tags":[],"_links":{"self":[{"href":"http:\/\/www.diarioalbayzinera.com\/index.php\/wp-json\/wp\/v2\/posts\/4016"}],"collection":[{"href":"http:\/\/www.diarioalbayzinera.com\/index.php\/wp-json\/wp\/v2\/posts"}],"about":[{"href":"http:\/\/www.diarioalbayzinera.com\/index.php\/wp-json\/wp\/v2\/types\/post"}],"author":[{"embeddable":true,"href":"http:\/\/www.diarioalbayzinera.com\/index.php\/wp-json\/wp\/v2\/users\/2"}],"replies":[{"embeddable":true,"href":"http:\/\/www.diarioalbayzinera.com\/index.php\/wp-json\/wp\/v2\/comments?post=4016"}],"version-history":[{"count":5,"href":"http:\/\/www.diarioalbayzinera.com\/index.php\/wp-json\/wp\/v2\/posts\/4016\/revisions"}],"predecessor-version":[{"id":4053,"href":"http:\/\/www.diarioalbayzinera.com\/index.php\/wp-json\/wp\/v2\/posts\/4016\/revisions\/4053"}],"wp:attachment":[{"href":"http:\/\/www.diarioalbayzinera.com\/index.php\/wp-json\/wp\/v2\/media?parent=4016"}],"wp:term":[{"taxonomy":"category","embeddable":true,"href":"http:\/\/www.diarioalbayzinera.com\/index.php\/wp-json\/wp\/v2\/categories?post=4016"},{"taxonomy":"post_tag","embeddable":true,"href":"http:\/\/www.diarioalbayzinera.com\/index.php\/wp-json\/wp\/v2\/tags?post=4016"}],"curies":[{"name":"wp","href":"https:\/\/api.w.org\/{rel}","templated":true}]}}