{"id":4006,"date":"2021-11-24T13:01:02","date_gmt":"2021-11-24T12:01:02","guid":{"rendered":"http:\/\/www.diarioalbayzinera.com\/?p=4006"},"modified":"2021-11-25T23:32:09","modified_gmt":"2021-11-25T22:32:09","slug":"cuesta-del-granado","status":"publish","type":"post","link":"http:\/\/www.diarioalbayzinera.com\/index.php\/2021\/11\/24\/cuesta-del-granado\/","title":{"rendered":"CUESTA DEL GRANADillO"},"content":{"rendered":"\n<p>El granado no s\u00f3lo es el \u00e1rbol de la bella fruta que da nombre a esta ciudad, sino que adem\u00e1s es uno de los frutales que cumple la doble funci\u00f3n de ornamental y fruct\u00edfera, como es la principal caracter\u00edstica de los jardines albaicineros.<\/p>\n\n\n\n<p>Mi madre dice que siempre que alguien no encuentra algo ha de volver sobre sus pasos haciendo memoria de lo que ha hecho.<\/p>\n\n\n\n<p>Yo s\u00f3lo tengo 12 a\u00f1os, pero al final de la cuesta Aceituneros, donde nac\u00ed, justo en frente de donde se cruza con San Juan de los Reyes, hay otra cuestecilla que contin\u00faa hacia arriba hab\u00eda un carmen que ten\u00eda alg\u00fan granado que asomaba por sus tapias y rejas. Aquel punto era cita de enamorados, por lo que se hizo tan famoso por aquel: <em>Nos vemos en el granaillo<\/em>.<\/p>\n\n\n\n<figure class=\"wp-block-embed-wordpress wp-block-embed is-type-wp-embed is-provider-diario-de-una-albayzinera-1920\"><div class=\"wp-block-embed__wrapper\">\n<blockquote class=\"wp-embedded-content\" data-secret=\"C0xzHf2qfN\"><a href=\"http:\/\/www.diarioalbayzinera.com\/index.php\/2020\/02\/04\/4-febrero-de-1920-miercoles\/\">4 FEBRERO DE 1920, MI\u00c9RCOLES<\/a><\/blockquote><iframe class=\"wp-embedded-content\" sandbox=\"allow-scripts\" security=\"restricted\" style=\"position: absolute; clip: rect(1px, 1px, 1px, 1px);\" title=\"\u00ab4 FEBRERO DE 1920, MI\u00c9RCOLES\u00bb \u2014 DIARIO DE UNA ALBAYZINERA 1920\" src=\"http:\/\/www.diarioalbayzinera.com\/index.php\/2020\/02\/04\/4-febrero-de-1920-miercoles\/embed\/#?secret=C0xzHf2qfN\" data-secret=\"C0xzHf2qfN\" width=\"600\" height=\"338\" frameborder=\"0\" marginwidth=\"0\" marginheight=\"0\" scrolling=\"no\"><\/iframe>\n<\/div><\/figure>\n\n\n\n<p>Quiz\u00e1s si seguimos la pista de los \u00e1rboles frutales podamos encontrar nuestro plant\u00f3n para participar en la Fiesta del \u00c1rbol.<\/p>\n\n\n\n<div class=\"wp-block-image is-style-rounded\"><figure class=\"aligncenter size-large is-resized\"><img loading=\"lazy\" decoding=\"async\" src=\"http:\/\/www.diarioalbayzinera.com\/wp-content\/uploads\/2020\/01\/lupa-transoarencia-1.jpg\" alt=\"\" class=\"wp-image-1005\" width=\"225\" height=\"225\" srcset=\"http:\/\/www.diarioalbayzinera.com\/wp-content\/uploads\/2020\/01\/lupa-transoarencia-1.jpg 900w, http:\/\/www.diarioalbayzinera.com\/wp-content\/uploads\/2020\/01\/lupa-transoarencia-1-300x300.jpg 300w, http:\/\/www.diarioalbayzinera.com\/wp-content\/uploads\/2020\/01\/lupa-transoarencia-1-150x150.jpg 150w, http:\/\/www.diarioalbayzinera.com\/wp-content\/uploads\/2020\/01\/lupa-transoarencia-1-768x768.jpg 768w, http:\/\/www.diarioalbayzinera.com\/wp-content\/uploads\/2020\/01\/lupa-transoarencia-1-508x508.jpg 508w\" sizes=\"(max-width: 225px) 100vw, 225px\" \/><\/figure><\/div>\n","protected":false},"excerpt":{"rendered":"<p>El granado no s\u00f3lo es el \u00e1rbol de la bella fruta que da nombre a esta ciudad, sino que adem\u00e1s es uno de los frutales que cumple la doble funci\u00f3n de ornamental y fruct\u00edfera, como es la principal caracter\u00edstica de los jardines albaicineros. Mi madre dice que siempre que alguien no encuentra algo ha de [&hellip;]<\/p>\n","protected":false},"author":2,"featured_media":0,"comment_status":"open","ping_status":"open","sticky":false,"template":"","format":"standard","meta":{"footnotes":""},"categories":[166],"tags":[],"_links":{"self":[{"href":"http:\/\/www.diarioalbayzinera.com\/index.php\/wp-json\/wp\/v2\/posts\/4006"}],"collection":[{"href":"http:\/\/www.diarioalbayzinera.com\/index.php\/wp-json\/wp\/v2\/posts"}],"about":[{"href":"http:\/\/www.diarioalbayzinera.com\/index.php\/wp-json\/wp\/v2\/types\/post"}],"author":[{"embeddable":true,"href":"http:\/\/www.diarioalbayzinera.com\/index.php\/wp-json\/wp\/v2\/users\/2"}],"replies":[{"embeddable":true,"href":"http:\/\/www.diarioalbayzinera.com\/index.php\/wp-json\/wp\/v2\/comments?post=4006"}],"version-history":[{"count":3,"href":"http:\/\/www.diarioalbayzinera.com\/index.php\/wp-json\/wp\/v2\/posts\/4006\/revisions"}],"predecessor-version":[{"id":4066,"href":"http:\/\/www.diarioalbayzinera.com\/index.php\/wp-json\/wp\/v2\/posts\/4006\/revisions\/4066"}],"wp:attachment":[{"href":"http:\/\/www.diarioalbayzinera.com\/index.php\/wp-json\/wp\/v2\/media?parent=4006"}],"wp:term":[{"taxonomy":"category","embeddable":true,"href":"http:\/\/www.diarioalbayzinera.com\/index.php\/wp-json\/wp\/v2\/categories?post=4006"},{"taxonomy":"post_tag","embeddable":true,"href":"http:\/\/www.diarioalbayzinera.com\/index.php\/wp-json\/wp\/v2\/tags?post=4006"}],"curies":[{"name":"wp","href":"https:\/\/api.w.org\/{rel}","templated":true}]}}