{"id":3928,"date":"2020-12-31T19:50:00","date_gmt":"2020-12-31T18:50:00","guid":{"rendered":"http:\/\/www.diarioalbayzinera.com\/?p=3928"},"modified":"2024-01-02T22:30:14","modified_gmt":"2024-01-02T21:30:14","slug":"31-diciembre-de-1920-viernes","status":"publish","type":"post","link":"http:\/\/www.diarioalbayzinera.com\/index.php\/2020\/12\/31\/31-diciembre-de-1920-viernes\/","title":{"rendered":"31 DICIEMBRE DE 1920, VIERNES"},"content":{"rendered":"\n<figure class=\"wp-block-audio\"><audio controls src=\"http:\/\/www.diarioalbayzinera.com\/wp-content\/uploads\/2020\/12\/31-Diciembre.wav\"><\/audio><figcaption>Narrado por la autora<br>MaRGaRiTa MaR\u00edN<br><br><br><\/figcaption><\/figure>\n\n\n\n<p>Querido Diario:<\/p>\n\n\n\n<p>Prepar\u00e1ndonos ya para la cena.<\/p>\n\n\n\n<p>Hoy, <em>na\u2019m\u00e1s<\/em> salir del trabajo antes de irse <em>pa\u2019su<\/em> casa, <em>se ha llegao<\/em> Manol\u00edn por la m\u00eda y justo cuando estaba en el patio cogiendo agua apareci\u00f3:<\/p>\n\n\n\n<p><em>-Vengo s\u00f3lo a desearte una feliz salida de a\u00f1o y un pr\u00f3spero A\u00f1o Nuevo, y me voy que me est\u00e1n esperando en casa.<\/em><\/p>\n\n\n\n<p><em>-Muchas gracias, Manolo, yo tambi\u00e9n te deseo un venturoso a\u00f1o. Ma\u00f1ana es tu d\u00eda \u00bfno?<\/em><\/p>\n\n\n\n<p><em>-S\u00ed, pero al margen de eso a ver si este 1921 nos trajera mucho amor y juntaramos peras ya de una vez\u2026 \u00bfNo?- <\/em>me dijo con su gui\u00f1o canalla incluido.<\/p>\n\n\n\n<p><em>-No deber\u00edas de bromearme tanto con eso, di t\u00fa que yo fuera una tonta de esas que t\u00f3 se lo cree\u2026<\/em><\/p>\n\n\n\n<p><em>-Reinilla, yo bromeo pero no es enga\u00f1o, si te lo digo es porque de verdad siento cosas especiales por ti que no siento por nadie.<\/em><\/p>\n\n\n\n<p><em>-\u00bfCosas especiales? \u00bfC\u00f3mo qu\u00e9?<\/em><\/p>\n\n\n\n<p><em>-Pues, por ejemplo, me siento bien y alegre cuando te veo, y me gusta tanto esa sensaci\u00f3n que hasta sin quererlo busco estar cerca de ti. Me gusta charlar contigo porque as\u00ed puedo ver c\u00f3mo te brillan los ojos cuando se reflejan en los m\u00edos y me pareces un ser \u00fanico en esos ojos. Y cuando estoy descorazonado por algo, pienso en ti y siento tu presencia. Y aunque no est\u00e9s, yo te veo brillante en mi mente con una preciosa sonrisa que me cura todos los males.<\/em><\/p>\n\n\n\n<p><em>-\u00a1Anda ya! Hombre, a m\u00ed tambi\u00e9n me gusta charlar contigo\u2026 Eso no tiene n\u00e1 de particular.<\/em><\/p>\n\n\n\n<p><em>-\u00bfY te gusta estar conmigo?<\/em><\/p>\n\n\n\n<p><em>-Claro.<\/em><\/p>\n\n\n\n<p><em>-\u00bfY piensas en m\u00ed?<\/em><\/p>\n\n\n\n<p><em>-Claro que pienso en ti, eres mi amigo y me importas, \u00bfc\u00f3mo no voy a pensar en ti?<\/em><\/p>\n\n\n\n<p><em>-Ya, bueno\u2026 \u00bfpero t\u00fa sabes lo que te estoy diciendo?<\/em><\/p>\n\n\n\n<p><em>-Perfectamente.<\/em><\/p>\n\n\n\n<p><em>&#8211; Ea, pues eso.<\/em><\/p>\n\n\n\n<p><em>-Pues eso.<\/em><\/p>\n\n\n\n<p><em>-Pues no hay m\u00e1s que hablar- <\/em>Puso un gesto serio me acarici\u00f3 delicadamente la cara con su dedo, me dio un besico lento y <em>sent\u00edo<\/em> en la mejilla y me dej\u00f3 paso para que continuara mi camino hacia las escaleras.<\/p>\n\n\n\n<p>Y cuando estaba subiendo, me entr\u00f3 <em>un no s\u00e9 qu\u00e9<\/em>\u2026 porque de repente pens\u00e9 que no sab\u00eda bien qu\u00e9 significaba aquello. \u00bf<em>\u201dNo hay m\u00e1s que hablar\u201d<\/em>? \u00bfY si lo que hab\u00eda firmado era una despedida? <em>Oye,<\/em> se me agarr\u00f3 un nudo en el pecho&#8230;<\/p>\n\n\n\n<p><em>-\u00a1Manol\u00edn!-<\/em> lo llam\u00e9 desde arriba de las escaleras para pillarlo antes de que saliera por la puerta.<\/p>\n\n\n\n<p><em>-\u00bfQu\u00e9?<\/em><\/p>\n\n\n\n<p><em>-\u00a1Hasta ma\u00f1ana!<\/em><\/p>\n\n\n\n<p><em>-\u00a1Hasta ma\u00f1ana, Reina Mora!<\/em><\/p>\n\n\n\n<p>(\u00a1<em>Uff,<\/em> qu\u00e9 alivio! No era una despedida para siempre)<\/p>\n\n\n\n<p>Pero, oye, desde que se ha ido, llevo todo el rato <em>d\u00e1ndole vueltas<\/em> a lo que me ha dicho y, la verdad, que entiendo perfectamente a lo que se refiere con eso de sentir cosas especiales. Y claro que las siento. Yo tambi\u00e9n me alegro cuando lo veo, y me gusta estar con \u00e9l. Y lo veo muy guapo.&nbsp; O el <em>nerviosillo<\/em> que me da a veces cuando me toca (y a veces sin rozarme siquiera)<\/p>\n\n\n\n<p>Nuestras complicidades, nuestras bromas, nuestras risas\u2026 La ternura que siento cuando \u00e9l no est\u00e1. O el miedecillo que he sentido esta tarde mismamente cuando he pensado que ya no lo iba a ver m\u00e1s.<\/p>\n\n\n\n<p><em>Of\u00fa,<\/em> estoy hecha un l\u00edo\u2026<\/p>\n\n\n\n<p>\u00a1Yo qu\u00e9 s\u00e9! \u00bfY si estoy confundida? \u00bfA qui\u00e9n se le pregunta estas cosas, <em>mare<\/em> m\u00eda?<\/p>\n\n\n\n<p>Pero bueno, como dice Madre, no se puede resolver todo en un d\u00eda porque si no la vida se acorta. Y todav\u00eda somos <em>mu\u2019shicoh<\/em> para pensar en esas cosas\u2026 Ma\u00f1ana cuando lo vea <em>me har\u00e9 la loca<\/em>, <em>como si n\u00e1<\/em>, y ya el tiempo dir\u00e1. <em>Si est\u00e1 pa\u2019 m\u00ed, estar\u00e1 pa\u2019m\u00ed<\/em> y no tendremos escapatoria alguna pero, lo que es <em>hoy por hoy<\/em>\u2026<\/p>\n\n\n\n<p>\u00a1Jopetas, se me acab\u00f3 la libreta!<\/p>\n\n\n\n<div class=\"wp-block-image\"><figure class=\"aligncenter size-large\"><img loading=\"lazy\" decoding=\"async\" width=\"398\" height=\"398\" src=\"http:\/\/www.diarioalbayzinera.com\/wp-content\/uploads\/2020\/12\/finde-a\u00f1o-2020-rosa.jpg\" alt=\"\" class=\"wp-image-3958\" srcset=\"http:\/\/www.diarioalbayzinera.com\/wp-content\/uploads\/2020\/12\/finde-a\u00f1o-2020-rosa.jpg 398w, http:\/\/www.diarioalbayzinera.com\/wp-content\/uploads\/2020\/12\/finde-a\u00f1o-2020-rosa-300x300.jpg 300w, http:\/\/www.diarioalbayzinera.com\/wp-content\/uploads\/2020\/12\/finde-a\u00f1o-2020-rosa-150x150.jpg 150w\" sizes=\"(max-width: 398px) 100vw, 398px\" \/><figcaption>\u00a1FELIZ Y VENTUROSO 1921!<\/figcaption><\/figure><\/div>\n\n\n\n<p><\/p>\n","protected":false},"excerpt":{"rendered":"<p>Querido Diario: Prepar\u00e1ndonos ya para la cena. Hoy, na\u2019m\u00e1s salir del trabajo antes de irse pa\u2019su casa, se ha llegao Manol\u00edn por la m\u00eda y justo cuando estaba en el patio cogiendo agua apareci\u00f3: -Vengo s\u00f3lo a desearte una feliz salida de a\u00f1o y un pr\u00f3spero A\u00f1o Nuevo, y me voy que me est\u00e1n esperando [&hellip;]<\/p>\n","protected":false},"author":2,"featured_media":0,"comment_status":"open","ping_status":"open","sticky":false,"template":"","format":"standard","meta":{"footnotes":""},"categories":[159],"tags":[70,162,64,164],"_links":{"self":[{"href":"http:\/\/www.diarioalbayzinera.com\/index.php\/wp-json\/wp\/v2\/posts\/3928"}],"collection":[{"href":"http:\/\/www.diarioalbayzinera.com\/index.php\/wp-json\/wp\/v2\/posts"}],"about":[{"href":"http:\/\/www.diarioalbayzinera.com\/index.php\/wp-json\/wp\/v2\/types\/post"}],"author":[{"embeddable":true,"href":"http:\/\/www.diarioalbayzinera.com\/index.php\/wp-json\/wp\/v2\/users\/2"}],"replies":[{"embeddable":true,"href":"http:\/\/www.diarioalbayzinera.com\/index.php\/wp-json\/wp\/v2\/comments?post=3928"}],"version-history":[{"count":3,"href":"http:\/\/www.diarioalbayzinera.com\/index.php\/wp-json\/wp\/v2\/posts\/3928\/revisions"}],"predecessor-version":[{"id":3962,"href":"http:\/\/www.diarioalbayzinera.com\/index.php\/wp-json\/wp\/v2\/posts\/3928\/revisions\/3962"}],"wp:attachment":[{"href":"http:\/\/www.diarioalbayzinera.com\/index.php\/wp-json\/wp\/v2\/media?parent=3928"}],"wp:term":[{"taxonomy":"category","embeddable":true,"href":"http:\/\/www.diarioalbayzinera.com\/index.php\/wp-json\/wp\/v2\/categories?post=3928"},{"taxonomy":"post_tag","embeddable":true,"href":"http:\/\/www.diarioalbayzinera.com\/index.php\/wp-json\/wp\/v2\/tags?post=3928"}],"curies":[{"name":"wp","href":"https:\/\/api.w.org\/{rel}","templated":true}]}}