{"id":3906,"date":"2020-12-25T20:50:00","date_gmt":"2020-12-25T19:50:00","guid":{"rendered":"http:\/\/www.diarioalbayzinera.com\/?p=3906"},"modified":"2024-01-02T21:40:57","modified_gmt":"2024-01-02T20:40:57","slug":"25-diciembre-de-1920-sabado","status":"publish","type":"post","link":"http:\/\/www.diarioalbayzinera.com\/index.php\/2020\/12\/25\/25-diciembre-de-1920-sabado\/","title":{"rendered":"25 DICIEMBRE DE 1920, S\u00c1BADO."},"content":{"rendered":"\n<figure class=\"wp-block-audio\"><audio controls src=\"http:\/\/www.diarioalbayzinera.com\/wp-content\/uploads\/2020\/12\/25-Diciembre.wav\"><\/audio><figcaption class=\"wp-element-caption\">Narrado por la autora<br>MaRGaRiTa MaR\u00edN<br><br><br><\/figcaption><\/figure>\n\n\n\n<p>Querido Diario:<\/p>\n\n\n\n<p>\u00a1Feliz Navidad!<\/p>\n\n\n\n<p>Anoche estuvimos <em>hasta las tantas<\/em> celebrando. Y el jolgorio por las calles se escuchaba bien pasadas las doce y casi la noche entera.<\/p>\n\n\n\n<p>Despu\u00e9s de la cena empezamos a cantar villancicos <em>como si no hubiera un ma\u00f1ana<\/em>. A la guitarra dando el tono, el abuelo; a la Zambomba, mi t\u00edo; a la botella Adora y Madre, y al pandero, Carmelita y mi primillo<em> a su aire<\/em>.<\/p>\n\n\n\n<p>Padre y Paquito acompa\u00f1ando a la <em>percusi\u00f3n de mesa de camilla<\/em> y una servidora, a las palmas junto a mi tita y <em>dando pie al cante<\/em> que soy la que me s\u00e9 m\u00e1s letrillas<\/p>\n\n\n\n<p><em>\u00a1Mare m\u00eda que cuadro!<\/em><\/p>\n\n\n\n<p>En un momento dado, al volver de la Misa del Gallo de San Andr\u00e9s, sali\u00f3 mi vecina al <em>ojo&#8217;patio<\/em> rascando una botella cantando la <em>Marimorena<\/em> y nos fuimos animando todos saliendo a nuestras puertas para acompa\u00f1arla. Cantamos dos o tres villancicos m\u00e1s en comunidad, nos felicitamos las Pascuas y <em>pa\u2019dentro<\/em>. <em>Cada mochuelo a su olivo<\/em>, que hac\u00eda un fr\u00edo que pelaba.<\/p>\n\n\n\n<p>Evidentemente, nos hemos levantado <em>tardecillo<\/em>, y entre recoger y preparar la comida se ha <em>pasao<\/em> la ma\u00f1ana <em>vol\u00e1<\/em>. Hoy para comer Madre ha hecho alb\u00f3ndigas en pepitoria, \u00a1riqu\u00edsimas! \u00c9stas y las de bacalao son mis alb\u00f3ndigas favoritas. No sabr\u00eda elegir, la verdad.<\/p>\n\n\n\n<p>Despu\u00e9s, por la tarde, <em>Papa-Antonio<\/em> se ha llevado a Carmelita, Adora y los primos a dar un paseo y yo me he pasado el rato hilvanando un abrigo nuevo que Madre le est\u00e1 haciendo a Carmelita porque con el que tiene <em>no se puede ya ni rebullir<\/em> y, el siguiente dispuesto a heredar de Adora, le queda demasiado <em>desgarbao<\/em> de grande y largo.<\/p>\n\n\n\n<p>Total, que <em>trae m\u00e1s cuenta<\/em> hacerle uno nuevo que arreglarle el otro que ya le servir\u00e1 m\u00e1s adelante. Es s\u00f3lo cuesti\u00f3n de tiempo.<\/p>\n\n\n<div class=\"wp-block-image\">\n<figure class=\"aligncenter size-large is-resized\"><img loading=\"lazy\" decoding=\"async\" width=\"398\" height=\"483\" src=\"http:\/\/www.diarioalbayzinera.com\/wp-content\/uploads\/2020\/12\/basico-pecas-navidad-copia.jpg\" alt=\"\" class=\"wp-image-3907\" style=\"width:199px;height:242px\" srcset=\"http:\/\/www.diarioalbayzinera.com\/wp-content\/uploads\/2020\/12\/basico-pecas-navidad-copia.jpg 398w, http:\/\/www.diarioalbayzinera.com\/wp-content\/uploads\/2020\/12\/basico-pecas-navidad-copia-247x300.jpg 247w\" sizes=\"(max-width: 398px) 100vw, 398px\" \/><\/figure><\/div>","protected":false},"excerpt":{"rendered":"<p>Querido Diario: \u00a1Feliz Navidad! Anoche estuvimos hasta las tantas celebrando. Y el jolgorio por las calles se escuchaba bien pasadas las doce y casi la noche entera. Despu\u00e9s de la cena empezamos a cantar villancicos como si no hubiera un ma\u00f1ana. A la guitarra dando el tono, el abuelo; a la Zambomba, mi t\u00edo; a [&hellip;]<\/p>\n","protected":false},"author":2,"featured_media":0,"comment_status":"open","ping_status":"open","sticky":false,"template":"","format":"standard","meta":{"footnotes":""},"categories":[159],"tags":[162,31,107,164,29],"_links":{"self":[{"href":"http:\/\/www.diarioalbayzinera.com\/index.php\/wp-json\/wp\/v2\/posts\/3906"}],"collection":[{"href":"http:\/\/www.diarioalbayzinera.com\/index.php\/wp-json\/wp\/v2\/posts"}],"about":[{"href":"http:\/\/www.diarioalbayzinera.com\/index.php\/wp-json\/wp\/v2\/types\/post"}],"author":[{"embeddable":true,"href":"http:\/\/www.diarioalbayzinera.com\/index.php\/wp-json\/wp\/v2\/users\/2"}],"replies":[{"embeddable":true,"href":"http:\/\/www.diarioalbayzinera.com\/index.php\/wp-json\/wp\/v2\/comments?post=3906"}],"version-history":[{"count":3,"href":"http:\/\/www.diarioalbayzinera.com\/index.php\/wp-json\/wp\/v2\/posts\/3906\/revisions"}],"predecessor-version":[{"id":4963,"href":"http:\/\/www.diarioalbayzinera.com\/index.php\/wp-json\/wp\/v2\/posts\/3906\/revisions\/4963"}],"wp:attachment":[{"href":"http:\/\/www.diarioalbayzinera.com\/index.php\/wp-json\/wp\/v2\/media?parent=3906"}],"wp:term":[{"taxonomy":"category","embeddable":true,"href":"http:\/\/www.diarioalbayzinera.com\/index.php\/wp-json\/wp\/v2\/categories?post=3906"},{"taxonomy":"post_tag","embeddable":true,"href":"http:\/\/www.diarioalbayzinera.com\/index.php\/wp-json\/wp\/v2\/tags?post=3906"}],"curies":[{"name":"wp","href":"https:\/\/api.w.org\/{rel}","templated":true}]}}