{"id":3876,"date":"2020-12-24T19:50:00","date_gmt":"2020-12-24T18:50:00","guid":{"rendered":"http:\/\/www.diarioalbayzinera.com\/?p=3876"},"modified":"2024-01-02T21:38:36","modified_gmt":"2024-01-02T20:38:36","slug":"24-diciembre-de-1920-viernes","status":"publish","type":"post","link":"http:\/\/www.diarioalbayzinera.com\/index.php\/2020\/12\/24\/24-diciembre-de-1920-viernes\/","title":{"rendered":"24 DICIEMBRE DE 1920, VIERNES"},"content":{"rendered":"\n<figure class=\"wp-block-audio\"><audio controls src=\"http:\/\/www.diarioalbayzinera.com\/wp-content\/uploads\/2020\/12\/24-Diciembre.wav\"><\/audio><figcaption class=\"wp-element-caption\">Narrado por la autora<br>MaRGaRiTa MaR\u00edN<br><br><br><\/figcaption><\/figure>\n\n\n\n<p><\/p>\n\n\n\n<p>Querido Diario:<\/p>\n\n\n\n<p>Al salir del trabajo, que hoy ten\u00eda guardia, se pas\u00f3 Manol\u00edn a saludar la Nochebuena al primo y ya de paso, me pic\u00f3 a la puerta:<\/p>\n\n\n\n<p>&#8211;<em>\u00a1Mu\u2019buenas! Ven\u00eda a felicitarles la Navidad-<\/em> Le solt\u00f3 a mi madre nada m\u00e1s abrirle.<\/p>\n\n\n\n<p><em>&#8211; Igualmente para ti y los tuyos, Manolo<\/em>.<\/p>\n\n\n\n<p><em>-\u00bfEst\u00e1 Conchita? Es que quer\u00eda preguntarle a ver si ella podr\u00eda hacerme el favor de ir a por unos mandaillos en estos d\u00edas, que con el traj\u00edn que tenemos en la farmacia no tengo tiempo-<\/em> le escuch\u00e9 decir desde la cocina.<\/p>\n\n\n\n<p><em>-Pues digo yo que s\u00ed podr\u00e1. \u00a1Conchita! \u00a1Es Manol\u00edn que quiere preguntarte algo!<\/em><\/p>\n\n\n\n<p><em>-\u00a1Voy!-<\/em> me enjuagu\u00e9 las manos y fui <em>pa\u2019la<\/em> puerta- <em>Hola.<\/em><\/p>\n\n\n\n<p><em>-Hola \u00bfQu\u00e9 tal? \u00bfQu\u00e9 andabas haciendo que no has venido t\u00fa a abrirme la puerta?<\/em><\/p>\n\n\n\n<p><em>-Pues n\u00e1, en la cocina, ayudando a preparar la cena de esta noche. Preparando el apio para la ensalada.<\/em><\/p>\n\n\n\n<p><em>-\u00a1Umm! \u00bfAli\u00f1ailla con ajos fritos?- <\/em>\u00a1Chiquillo, qu\u00e9 olfato tiene! Efectivamente estaba friendo ajos para el ali\u00f1o- <em>\u00bfQu\u00e9 ten\u00e9is de men\u00fa?<\/em><\/p>\n\n\n\n<p><em>-Ensalada de apio, sopa de maimones para entrar en calor y surtido con algunas chacinillas de la matanza que ha sacado Madre para celebrar, junto a un platico de jam\u00f3n que ya ha cortao el abuelo, que se le da mucho arte para hacer unas lonchicas, as\u00ed, muy finicas, que se deshacen en la boca solicas\u2026 Y como a m\u00ed me gusta roer, siempre me guarda un trocico de lo duro que me reservo para lo \u00faltimo y as\u00ed me entretengo con el ruee que rueo, antes del postre que hoy ser\u00e1 arroz con leche.<\/em><\/p>\n\n\n\n<p><em>-\u00bfQuieres probarlo?-<\/em> Apareci\u00f3 de la nada Carmelita con su ofrecimiento.<\/p>\n\n\n\n<p><em>-No, gracias, preciosa, seguro que est\u00e1 buen\u00edsimo, pero mi madre no me deja comer a deshoras porque dice luego no como lo que me tengo que comer-<\/em> se justific\u00f3 ante galanter\u00eda infantil de la se\u00f1orita y acto seguido le dijo para alejarla de la puerta <em>-\u00bfEn qu\u00e9 cacharros los vas a servir? Tra\u00e9melos que los vea \u00bfquieres?<\/em><\/p>\n\n\n\n<p><em>-Voy\u2026 Esp\u00e9rame, no te vayas.<\/em><\/p>\n\n\n\n<p><em>-Te espero-<\/em> y continu\u00f3 conmigo bajando el volumen a modo de cuchicheo- <em>\u00bfT\u00fa podr\u00edas ayudarme a comprarle unos regalillos a mis hermanos? Yo te digo lo que tengo pensao y t\u00fa me vas a comprarlos, que yo tengo que estar en la botica y no tengo tiempo de buscarlos con el jaleo que tenemos estos d\u00edas.<\/em><\/p>\n\n\n\n<p><em>-Claro, si yo tengo que salir en estos d\u00edas a hacer mandaos y a comprar algunas cosillas tambi\u00e9n, lo mismo me da comprarte lo que t\u00fa quieras.<\/em><\/p>\n\n\n\n<p><em>-Bien, para mi hermano Pepe quiero buscarle un bal\u00f3n de f\u00fatbol y unos guantes de lana, que ya se han aficionado tanto los amigos de la pandilla, que han hecho un equipo y juega de portero. Y el bal\u00f3n de Er Dani\u00e9h lo tienen ya andrajoso perd\u00edo. Y para el Carlillos un trenecico de lat\u00f3n que he visto en la jugueter\u00eda que hay a la entrada de Mesones por \u201cPuertarr\u00e1h\u201d. Y si t\u00fa ves alguna cosica m\u00e1s pal\u2019peque que pudiera estar bien, se lo compras tambi\u00e9n.<\/em><\/p>\n\n\n\n<p><em>-Vale. Sin problema.<\/em><\/p>\n\n\n\n<p><em>-P\u00e1sate por la botica esta semana que te d\u00e9 los dineros antes ir a comprarlos<\/em>.<\/p>\n\n\n\n<p><em>-Vale. El lunes me paso. Yo a mis hermanas este a\u00f1o les he hecho unas boinas de lana a ganchillo pa\u2019l fr\u00edo. \u00a1M\u00e1s bonicas que me &nbsp;han quedao! Me lo ha estado guiando mi madre que es la experta en esto del crochet. Ya las tengo terminadas y empaquetadas. \u00bfNo le vas a regalar nada a tu madre?<\/em><\/p>\n\n\n\n<p><em>-S\u00ed, s\u00ed, pero eso ya lo tengo encargao hace tiempo\u2026-<\/em> concluy\u00f3 con cierto misterio- <em>Bueno, reinilla, me tengo que ir ya. Que pas\u00e9is una Feliz Noche y una Feliz navidad.<\/em><\/p>\n\n\n\n<p><em>-Muchas gracias, Manolo, y vosotros tambi\u00e9n<\/em>.<\/p>\n\n\n\n<p><em>-\u00a1Manol\u00edn!-<\/em> reapareci\u00f3 Carmelita con sus cuencos <em>-\u00bfCu\u00e1l te parece mejor? \u00bf\u00e9ste o \u00e9ste?<\/em><\/p>\n\n\n\n<p><em>-Sin duda \u00e9ste tiene much\u00edsimo post\u00edn pero preg\u00fantale antes a tu madre que es la que manda-<\/em> Se despidi\u00f3 con su gui\u00f1o y comenz\u00f3 su marcha.<\/p>\n\n\n\n<p>\u00bfUna Nochebuena sin que Manol\u00edn me cante una coplilla? <\/p>\n\n\n\n<p>\u00a1Esto no puede ser!<\/p>\n\n\n\n<p>Y empec\u00e9 a canturrear desde mi puerta:<\/p>\n\n\n\n<p><em>-La Virgen va caminando\u2026<\/em><\/p>\n\n\n\n<p><em>-\u00a1Viva el Amor!- <\/em>replic\u00f3 haci\u00e9ndose el tenor.<\/p>\n\n\n\n<p><em>-Caminito de Bel\u00e9n\u2026<\/em><\/p>\n\n\n\n<p><em>-\u00a1Viva el Amor, viva el laurel!-<\/em> se le escuchaba por la escalera ya.<\/p>\n\n\n\n<p>\u00a1Qu\u00e9 t\u00edo m\u00e1s facil\u00f3n! \u00a1Qu\u00e9 poco se necesita <em>pa\u2019arrancarle<\/em> una coplilla, <em>chiquillo<\/em>!<\/p>\n\n\n\n<figure class=\"wp-block-audio aligncenter\"><audio controls src=\"http:\/\/www.diarioalbayzinera.com\/wp-content\/uploads\/2019\/12\/Villancico-Conchita.wav\"><\/audio><figcaption class=\"wp-element-caption\">Grabaci\u00f3n con la voz original de Conchita cantando un villancico en la Navidad 1971<\/figcaption><\/figure>\n\n\n<div class=\"wp-block-image is-style-rounded\">\n<figure class=\"aligncenter size-large is-resized\"><img loading=\"lazy\" decoding=\"async\" width=\"398\" height=\"398\" src=\"http:\/\/www.diarioalbayzinera.com\/wp-content\/uploads\/2019\/12\/basico-pecas-navidad-copia.jpg\" alt=\"\" class=\"wp-image-813\" style=\"width:199px;height:199px\" srcset=\"http:\/\/www.diarioalbayzinera.com\/wp-content\/uploads\/2019\/12\/basico-pecas-navidad-copia.jpg 398w, http:\/\/www.diarioalbayzinera.com\/wp-content\/uploads\/2019\/12\/basico-pecas-navidad-copia-300x300.jpg 300w, http:\/\/www.diarioalbayzinera.com\/wp-content\/uploads\/2019\/12\/basico-pecas-navidad-copia-150x150.jpg 150w\" sizes=\"(max-width: 398px) 100vw, 398px\" \/><figcaption class=\"wp-element-caption\">\u00a1FELICES PASCUAS!<\/figcaption><\/figure><\/div>","protected":false},"excerpt":{"rendered":"<p>Querido Diario: Al salir del trabajo, que hoy ten\u00eda guardia, se pas\u00f3 Manol\u00edn a saludar la Nochebuena al primo y ya de paso, me pic\u00f3 a la puerta: &#8211;\u00a1Mu\u2019buenas! Ven\u00eda a felicitarles la Navidad- Le solt\u00f3 a mi madre nada m\u00e1s abrirle. &#8211; Igualmente para ti y los tuyos, Manolo. -\u00bfEst\u00e1 Conchita? Es que quer\u00eda [&hellip;]<\/p>\n","protected":false},"author":2,"featured_media":0,"comment_status":"open","ping_status":"open","sticky":false,"template":"","format":"standard","meta":{"footnotes":""},"categories":[159],"tags":[91,162,64,164,36,29],"_links":{"self":[{"href":"http:\/\/www.diarioalbayzinera.com\/index.php\/wp-json\/wp\/v2\/posts\/3876"}],"collection":[{"href":"http:\/\/www.diarioalbayzinera.com\/index.php\/wp-json\/wp\/v2\/posts"}],"about":[{"href":"http:\/\/www.diarioalbayzinera.com\/index.php\/wp-json\/wp\/v2\/types\/post"}],"author":[{"embeddable":true,"href":"http:\/\/www.diarioalbayzinera.com\/index.php\/wp-json\/wp\/v2\/users\/2"}],"replies":[{"embeddable":true,"href":"http:\/\/www.diarioalbayzinera.com\/index.php\/wp-json\/wp\/v2\/comments?post=3876"}],"version-history":[{"count":5,"href":"http:\/\/www.diarioalbayzinera.com\/index.php\/wp-json\/wp\/v2\/posts\/3876\/revisions"}],"predecessor-version":[{"id":4961,"href":"http:\/\/www.diarioalbayzinera.com\/index.php\/wp-json\/wp\/v2\/posts\/3876\/revisions\/4961"}],"wp:attachment":[{"href":"http:\/\/www.diarioalbayzinera.com\/index.php\/wp-json\/wp\/v2\/media?parent=3876"}],"wp:term":[{"taxonomy":"category","embeddable":true,"href":"http:\/\/www.diarioalbayzinera.com\/index.php\/wp-json\/wp\/v2\/categories?post=3876"},{"taxonomy":"post_tag","embeddable":true,"href":"http:\/\/www.diarioalbayzinera.com\/index.php\/wp-json\/wp\/v2\/tags?post=3876"}],"curies":[{"name":"wp","href":"https:\/\/api.w.org\/{rel}","templated":true}]}}