{"id":3774,"date":"2020-12-08T20:50:00","date_gmt":"2020-12-08T19:50:00","guid":{"rendered":"http:\/\/www.diarioalbayzinera.com\/?p=3774"},"modified":"2024-01-02T20:27:23","modified_gmt":"2024-01-02T19:27:23","slug":"8-diciembre-de-1920-miercoles","status":"publish","type":"post","link":"http:\/\/www.diarioalbayzinera.com\/index.php\/2020\/12\/08\/8-diciembre-de-1920-miercoles\/","title":{"rendered":"8 DICIEMBRE DE 1920, MI\u00c9RCOLES"},"content":{"rendered":"\n<figure class=\"wp-block-audio\"><audio controls src=\"http:\/\/www.diarioalbayzinera.com\/wp-content\/uploads\/2020\/12\/08-Diciembre.wav\"><\/audio><figcaption class=\"wp-element-caption\">Narrado por la autora<br>MaRGaRiTa MaR\u00edN<br><br><br><\/figcaption><\/figure>\n\n\n\n<p>Querido Diario:<\/p>\n\n\n\n<p>D\u00eda de <em>las Conchas<\/em>.<\/p>\n\n\n\n<p>Hoy a las cinco y media daba comienzo la novena a Nuestra Inmaculada Madre Pur\u00edsima de la Concepci\u00f3n en la parroquia de San Jos\u00e9 y este a\u00f1o\u00a0para dar comienzo y lucimiento a tan magna celebraci\u00f3n con todo esplendor, han colocado un hermoso alumbrado el\u00e9ctrico: Exposici\u00f3n, Rosario, Serm\u00f3n, Novena cantada, Salve y Letan\u00eda. <\/p>\n\n\n\n<p>Aunque con el d\u00eda de festejos que tenemos hoy en casa,<em> \u201cperdone usted, por Dios, hermano\u201d<\/em>, no hemos ido. Fuimos a misa esta ma\u00f1ana bien<em> tempranico<\/em> <em>a cumplir<\/em> con Dios y la Virgen, y luego a la <em>Golilla de Cartuja<\/em> a zamparnos con alegr\u00eda nuestro arroz con pollo.<\/p>\n\n\n\n<p><em>N\u00e1,<\/em> la de siempre, nuestro arroz, nuestras cancioncillas, nuestros chascarrillos y la grata compa\u00f1\u00eda de los tuyos. Por supuesto hemos <em>convidao<\/em> tambi\u00e9n a las ni\u00f1as del taller a celebrar con nosotras y Loli estaba que no le cab\u00eda m\u00e1s asombro en sus ojos.<\/p>\n\n\n\n<p><em>\u00a1\u00c1ngelica!<\/em> Dec\u00eda que el plato de arroz estaba tan <em>\u201cbonico\u201d<\/em> con sus <em>trocicos<\/em> de pollo, sus guisantes y sus pimientos morrones que alimentaba con s\u00f3lo verlo y le daba pena com\u00e9rselo.<\/p>\n\n\n\n<p><em>-Anda, come y d\u00e9hate de tanta contemplaci\u00f3n, que esto no es un cuadro y fr\u00edo no est\u00e1 g\u00fceno- arremeti\u00f3 la Sole para a continuaci\u00f3n chincharle a la Patro- \u00a1Qu\u00e9 call\u00e1h que est\u00e1s ahora! \u00bfno, Patro?<\/em><\/p>\n\n\n\n<p><em>-\u00a1Aro! \u00a1 Oveja que bala, bocao que pierde!<\/em><\/p>\n\n\n\n<p>Siempre est\u00e1n con las mismas historias, parecen que hasta ensayaran el sainete\u2026<\/p>\n\n\n\n<p>Luego a tarde nos vinimos a preparar la <em>meriendilla<\/em> y la Comadre, como era de esperar fue la primera en llegar, con sus <em>pesti\u00f1icos<\/em> y unos <em>rosquillos <\/em>fritos para la chavaler\u00eda. <\/p>\n\n\n\n<p>Tambi\u00e9n, como buena madrina, me trajo un regalillo: una preciosa bufanda roja de lana con flecos que ella misma me ha tejido. \u00a1Me ha encantado! No s\u00f3lo por bonita y tierna que resulta al tacto, sino porque cada punto es <em>un cari\u00f1o<\/em> que me ha dedicado y con lo larga que es lleva m\u00e1s cari\u00f1o que ninguna.<\/p>\n\n\n\n<p><em>Papa Antonio<\/em> me ha regalado un libro de <em>F\u00e1bulas de Iriarte<\/em> \u00a1con cuarenta y ocho cuentos y sesenta y siete grabados! y ya ha aprovechado tambi\u00e9n la reuni\u00f3n familiar para darnos a todos los nietos el aguinaldo.<\/p>\n\n\n\n<p>Y a \u00faltima hora, Manol\u00edn, se ha pasado a saludarme el d\u00eda y me ha tra\u00eddo una <em>botellica<\/em> de agua de rosas que dice que es buen\u00edsima para el cutis. \u00a1<em>M\u00edralo t\u00fa<\/em>, que <em>detalloso<\/em>, el chiquillo!<\/p>\n\n\n\n<p><em>-Da mucha suavidad en la piel y ahora que viene el fr\u00edo hay que mantener la piel bien cuidada para que no se estropee ni agriete.<\/em><\/p>\n\n\n\n<p><em>-Muchas gracias, Manolo, me encanta el agua de rosas.<\/em><\/p>\n\n\n\n<p><em>-\u00bfTe queda pomada de rosas para los labios?<\/em><\/p>\n\n\n\n<p>-S\u00ed, s\u00ed, no te preocupes, aunque me gusta much\u00edsimo me he reservado de pon\u00e9rmelo estos meses pensando precisamente en tener pa\u2019este invierno.<\/p>\n\n\n\n<p><em>-\u00a1Mu\u2019mal hecho! \u00a1Cuando se te gaste ya te traigo yo m\u00e1s, mujer! Que eso para que haga efecto hay que ech\u00e1rselo, \u00a1en la lata no sirve pa\u2019n\u00e1!<\/em><\/p>\n\n\n\n<p><em>-Ya, ya, te prometo que lo voy a gastar pero no me rega\u00f1es m\u00e1s que hoy es mi d\u00eda.<\/em><\/p>\n\n\n\n<p>Y nos sentamos en las escaleras a charlar mientras la <em>chavaler\u00eda<\/em> jugaba por el patio.<\/p>\n\n\n\n<p><em>-He le\u00eddo en el peri\u00f3dico que los vecinos de la calle Real de Cartuja dicen que casi todas las noches, a cosa de las once y media o las doce, aparece un fantasma todo vestido de blanco con un farolillo encendido paseando por la calle y tiene a todo el vecindario muertecico de miedo.<\/em><\/p>\n\n\n\n<p>Manol\u00edn no pudo evitar re\u00edrse:<\/p>\n\n\n\n<p><em>-Los fantasmas no existen. Ma\u00f1ana mismo se lo digo a los de mi pandilla a ver si se apuntan y nos vamos una noche a desenmascar al caradura \u00e9ste tir\u00e1ndole de la s\u00e1bana.<\/em><\/p>\n\n\n\n<p><em>-\u00a1Ni se te ocurra!<\/em><\/p>\n\n\n\n<p><em>-Te creer\u00e1s que t\u00fa mandas en m\u00ed\u2026 Los fantasmas no existen y te lo voy a demostrar.<\/em><\/p>\n\n\n\n<p><em>-A m\u00ed no me tienes que demostrar nada, que vayan los guardias que son\u00a0los que tienen que ir. \u00bfY si el caradura, como t\u00fa dices, lleva una faca o algo as\u00ed con que os pueda hacer da\u00f1o?<\/em><\/p>\n\n\n\n<p><em>-A m\u00ed no me enga\u00f1as, chatilla, dices eso pero t\u00fa crees en las \u00e1nimas\u2026<\/em><\/p>\n\n\n\n<p><em>-\u00a1Claro que creo en las \u00e1nimas pero no en los fantasmas con farolillo!<\/em><\/p>\n\n\n\n<p><em>-\u00bfNo te da miedo?<\/em><\/p>\n\n\n\n<p><em>-A m\u00ed los que me dan miedo son los vivos, no los muertos.<\/em><\/p>\n\n\n\n<p><em>-En eso, mira t\u00fa por donde, te doy toda la raz\u00f3n, reinilla. Otra cosa \u00bfCu\u00e1ndo os vais a la matanza?<\/em><\/p>\n\n\n\n<p><em>-El jueves por la tarde o el viernes por la ma\u00f1ana temprano salimos, y volveremos el domingo en el coche de la tarde o el lunes por la ma\u00f1ana, no s\u00e9, depende de c\u00f3mo se tercie la cosa. Ellos ya han empezado hoy a preparar av\u00edos, se supone. Son tres marranos lo que van a hacer este a\u00f1o: el suyo, el nuestro y otro pa\u2019vender.  El viernes dos y el domingo el \u00faltimo.<\/em><\/p>\n\n\n\n<p><em>-Yo nunca he ido a una matanza.<\/em><\/p>\n\n\n\n<p><em>-Pues podr\u00edas venirte el s\u00e1bado con mi padre, que como \u00e9l tiene que trabajar se sumar\u00e1 m\u00e1s tarde. Espera, que le pregunto a mi madre a ver si es posible, ahora vengo\u2026<\/em><\/p>\n\n\n\n<p>Sub\u00ed, le pregunt\u00e9 a madre, madre le pregunt\u00f3 a padre y padre dijo que encantado de que nos acompa\u00f1e:<\/p>\n\n\n\n<p>-Ya sabes que mis parientes siempre agradecen otra mano m\u00e1s de trabajo en estos d\u00edas y el chiquillo, las cosas como son, es trabajador como nadie. Si se porta bien, podr\u00edamos incluso pagarle su ayuda con alguna <em>chacinilla<\/em> de las nuestras para que la disfruten en casa para esta navidad, pero no le digas <em>n\u00e1<\/em> que le demos la sorpresa.<\/p>\n\n\n\n<p>Baj\u00e9 <em>pitando pa\u2019bajo<\/em>:<\/p>\n\n\n\n<p><em>-Que dice mi padre que s\u00ed te puedes venir pero que te hagas el cuerpo de que te van a hacer trabajar\u2026<\/em><\/p>\n\n\n\n<p><em>-No s\u00e9, tendr\u00eda que preguntarle a mi Madre antes, que no s\u00e9 si ella me tiene pensado alg\u00fan invento para este fin de semana\u2026<\/em><\/p>\n\n\n\n<p><em>-Na\u2019que no se pueda hacer otro d\u00eda, y si es por el dinero del viaje estate tranquilo porque mi padre, yendo con \u00e9l, no te va dejar que lo pagues.<\/em><\/p>\n\n\n\n<p><em>-\u00a1C\u00f3mo va ser eso!<\/em><\/p>\n\n\n\n<p><em>-Siendo. As\u00ed que ma\u00f1ana ya me dices para que quedes con \u00e9l para viajar.<\/em><\/p>\n\n\n\n<p><em>-Pues ya te dir\u00e9.<\/em><\/p>\n\n\n\n<p><em>-Pues prep\u00e1rate ropa de abrigo\u2026<\/em> <\/p>\n\n\n<div class=\"wp-block-image is-style-default\">\n<figure class=\"aligncenter size-large is-resized\"><img loading=\"lazy\" decoding=\"async\" width=\"824\" height=\"1024\" src=\"http:\/\/www.diarioalbayzinera.com\/wp-content\/uploads\/2020\/12\/201204_103639_COLLAGE-1-824x1024.jpg\" alt=\"\" class=\"wp-image-3775\" style=\"width:206px;height:256px\" srcset=\"http:\/\/www.diarioalbayzinera.com\/wp-content\/uploads\/2020\/12\/201204_103639_COLLAGE-1-824x1024.jpg 824w, http:\/\/www.diarioalbayzinera.com\/wp-content\/uploads\/2020\/12\/201204_103639_COLLAGE-1-241x300.jpg 241w, http:\/\/www.diarioalbayzinera.com\/wp-content\/uploads\/2020\/12\/201204_103639_COLLAGE-1-768x954.jpg 768w, http:\/\/www.diarioalbayzinera.com\/wp-content\/uploads\/2020\/12\/201204_103639_COLLAGE-1-508x631.jpg 508w, http:\/\/www.diarioalbayzinera.com\/wp-content\/uploads\/2020\/12\/201204_103639_COLLAGE-1.jpg 978w\" sizes=\"(max-width: 824px) 100vw, 824px\" \/><figcaption class=\"wp-element-caption\">Libro de f\u00e1bulas propiedad de Conchita Cuesta<\/figcaption><\/figure><\/div>","protected":false},"excerpt":{"rendered":"<p>Querido Diario: D\u00eda de las Conchas. Hoy a las cinco y media daba comienzo la novena a Nuestra Inmaculada Madre Pur\u00edsima de la Concepci\u00f3n en la parroquia de San Jos\u00e9 y este a\u00f1o\u00a0para dar comienzo y lucimiento a tan magna celebraci\u00f3n con todo esplendor, han colocado un hermoso alumbrado el\u00e9ctrico: Exposici\u00f3n, Rosario, Serm\u00f3n, Novena cantada, [&hellip;]<\/p>\n","protected":false},"author":2,"featured_media":0,"comment_status":"open","ping_status":"open","sticky":false,"template":"","format":"standard","meta":{"footnotes":""},"categories":[159],"tags":[88,70,162,31,122,44,64,29,35],"_links":{"self":[{"href":"http:\/\/www.diarioalbayzinera.com\/index.php\/wp-json\/wp\/v2\/posts\/3774"}],"collection":[{"href":"http:\/\/www.diarioalbayzinera.com\/index.php\/wp-json\/wp\/v2\/posts"}],"about":[{"href":"http:\/\/www.diarioalbayzinera.com\/index.php\/wp-json\/wp\/v2\/types\/post"}],"author":[{"embeddable":true,"href":"http:\/\/www.diarioalbayzinera.com\/index.php\/wp-json\/wp\/v2\/users\/2"}],"replies":[{"embeddable":true,"href":"http:\/\/www.diarioalbayzinera.com\/index.php\/wp-json\/wp\/v2\/comments?post=3774"}],"version-history":[{"count":5,"href":"http:\/\/www.diarioalbayzinera.com\/index.php\/wp-json\/wp\/v2\/posts\/3774\/revisions"}],"predecessor-version":[{"id":4945,"href":"http:\/\/www.diarioalbayzinera.com\/index.php\/wp-json\/wp\/v2\/posts\/3774\/revisions\/4945"}],"wp:attachment":[{"href":"http:\/\/www.diarioalbayzinera.com\/index.php\/wp-json\/wp\/v2\/media?parent=3774"}],"wp:term":[{"taxonomy":"category","embeddable":true,"href":"http:\/\/www.diarioalbayzinera.com\/index.php\/wp-json\/wp\/v2\/categories?post=3774"},{"taxonomy":"post_tag","embeddable":true,"href":"http:\/\/www.diarioalbayzinera.com\/index.php\/wp-json\/wp\/v2\/tags?post=3774"}],"curies":[{"name":"wp","href":"https:\/\/api.w.org\/{rel}","templated":true}]}}