{"id":3772,"date":"2020-12-07T20:50:00","date_gmt":"2020-12-07T19:50:00","guid":{"rendered":"http:\/\/www.diarioalbayzinera.com\/?p=3772"},"modified":"2024-01-02T20:29:57","modified_gmt":"2024-01-02T19:29:57","slug":"7-diciembre-de-1920-martes","status":"publish","type":"post","link":"http:\/\/www.diarioalbayzinera.com\/index.php\/2020\/12\/07\/7-diciembre-de-1920-martes\/","title":{"rendered":"7 DICIEMBRE DE 1920, MARTES"},"content":{"rendered":"\n<figure class=\"wp-block-audio\"><audio controls src=\"http:\/\/www.diarioalbayzinera.com\/wp-content\/uploads\/2020\/12\/07-Diciembre.wav\"><\/audio><figcaption class=\"wp-element-caption\">Narrado por la aurota<br>MaRGaRiTa MaR\u00edN<br><br><br><\/figcaption><\/figure>\n\n\n\n<p>Querido Diario:<\/p>\n\n\n\n<p>Granada no se distingue por la amplitud y hermosura de sus jardines p\u00fablicos precisamente. Hace falta un gran parque p\u00fablico ya. Pero con que arreglasen y embellecieran los que tenemos, ya <em>nos d\u00e1bamos con un canto en los dientes.<\/em><\/p>\n\n\n\n<p>\u00daltimamente no se ha hecho m\u00e1s que edificar y quitar \u00e1rboles dejando la ciudad m\u00e1s <em>pel\u00e1h<\/em> que un calvo.<\/p>\n\n\n\n<p>Ahora la Comisi\u00f3n Municipal de Fomento, presidida por un horticultor de <em>post\u00edn<\/em>, como lo es el Sr. Leyva Narv\u00e1ez, ha empezado a preocuparse por el asunto y en la \u00faltima sesi\u00f3n del pleno adopt\u00f3 dos acuerdos interesantes: Hacer un proyecto de arreglo y transformaci\u00f3n de los jardines que ya tenemos, y otro, proceder inmediatamente a podas y replantaci\u00f3n con los plantones del Ayuntamiento y de la Divisi\u00f3n Hidrol\u00f3gica Forestal.<\/p>\n\n\n\n<p>A ver si es verdad que le meten mano ya este asunto que los \u00e1rboles son vida y futuro.<\/p>\n\n\n\n<p>Ayer en el pac\u00edfico barrio de San Jos\u00e9 se origin\u00f3 una protesta de unas ochenta o noventa mujeres que bajaron en manifestaci\u00f3n al Juzgado de Abastos, a denunciar a la reguladora municipal porque se les hab\u00eda vendido el aceite de tasa, de no muy buena calidad, falto de medida. El Juzgado comprob\u00f3 que, en efecto, hab\u00eda una visible desproporci\u00f3n entre la cantidad comprada y la expedida. As\u00ed que dio orden inmediata de corregir esas anomal\u00edas.<\/p>\n\n\n\n<p><em>No me digas t\u00fa\u2026<\/em> \u00a1que sea la propia reguladora municipal la que te quiera tomar el pelo!<\/p>\n\n\n\n<p>Pues han <em>pinchao en hueso<\/em>. \u00a1<em>Bonicas<\/em> son mis vecinas!<\/p>\n\n\n\n<p><em>\u00a1Digo! \u00a1Tonter\u00edas las justas!<\/em><\/p>\n\n\n<div class=\"wp-block-image is-style-rounded\">\n<figure class=\"aligncenter size-large is-resized\"><img loading=\"lazy\" decoding=\"async\" width=\"398\" height=\"398\" src=\"http:\/\/www.diarioalbayzinera.com\/wp-content\/uploads\/2020\/04\/Gui\u00f1o.jpg\" alt=\"\" class=\"wp-image-1651\" style=\"width:100px;height:100px\" srcset=\"http:\/\/www.diarioalbayzinera.com\/wp-content\/uploads\/2020\/04\/Gui\u00f1o.jpg 398w, http:\/\/www.diarioalbayzinera.com\/wp-content\/uploads\/2020\/04\/Gui\u00f1o-300x300.jpg 300w, http:\/\/www.diarioalbayzinera.com\/wp-content\/uploads\/2020\/04\/Gui\u00f1o-150x150.jpg 150w\" sizes=\"(max-width: 398px) 100vw, 398px\" \/><\/figure><\/div>","protected":false},"excerpt":{"rendered":"<p>Querido Diario: Granada no se distingue por la amplitud y hermosura de sus jardines p\u00fablicos precisamente. Hace falta un gran parque p\u00fablico ya. Pero con que arreglasen y embellecieran los que tenemos, ya nos d\u00e1bamos con un canto en los dientes. \u00daltimamente no se ha hecho m\u00e1s que edificar y quitar \u00e1rboles dejando la ciudad [&hellip;]<\/p>\n","protected":false},"author":2,"featured_media":0,"comment_status":"open","ping_status":"open","sticky":false,"template":"","format":"standard","meta":{"footnotes":""},"categories":[159],"tags":[73,88,32,162,121,106,45],"_links":{"self":[{"href":"http:\/\/www.diarioalbayzinera.com\/index.php\/wp-json\/wp\/v2\/posts\/3772"}],"collection":[{"href":"http:\/\/www.diarioalbayzinera.com\/index.php\/wp-json\/wp\/v2\/posts"}],"about":[{"href":"http:\/\/www.diarioalbayzinera.com\/index.php\/wp-json\/wp\/v2\/types\/post"}],"author":[{"embeddable":true,"href":"http:\/\/www.diarioalbayzinera.com\/index.php\/wp-json\/wp\/v2\/users\/2"}],"replies":[{"embeddable":true,"href":"http:\/\/www.diarioalbayzinera.com\/index.php\/wp-json\/wp\/v2\/comments?post=3772"}],"version-history":[{"count":7,"href":"http:\/\/www.diarioalbayzinera.com\/index.php\/wp-json\/wp\/v2\/posts\/3772\/revisions"}],"predecessor-version":[{"id":4947,"href":"http:\/\/www.diarioalbayzinera.com\/index.php\/wp-json\/wp\/v2\/posts\/3772\/revisions\/4947"}],"wp:attachment":[{"href":"http:\/\/www.diarioalbayzinera.com\/index.php\/wp-json\/wp\/v2\/media?parent=3772"}],"wp:term":[{"taxonomy":"category","embeddable":true,"href":"http:\/\/www.diarioalbayzinera.com\/index.php\/wp-json\/wp\/v2\/categories?post=3772"},{"taxonomy":"post_tag","embeddable":true,"href":"http:\/\/www.diarioalbayzinera.com\/index.php\/wp-json\/wp\/v2\/tags?post=3772"}],"curies":[{"name":"wp","href":"https:\/\/api.w.org\/{rel}","templated":true}]}}