{"id":3661,"date":"2020-11-26T20:50:00","date_gmt":"2020-11-26T19:50:00","guid":{"rendered":"http:\/\/www.diarioalbayzinera.com\/?p=3661"},"modified":"2024-01-02T09:07:14","modified_gmt":"2024-01-02T08:07:14","slug":"26-noviembre-de-1920-viernes","status":"publish","type":"post","link":"http:\/\/www.diarioalbayzinera.com\/index.php\/2020\/11\/26\/26-noviembre-de-1920-viernes\/","title":{"rendered":"26 NOVIEMBRE DE 1920, VIERNES"},"content":{"rendered":"\n<figure class=\"wp-block-audio\"><audio controls src=\"http:\/\/www.diarioalbayzinera.com\/wp-content\/uploads\/2020\/11\/26-Noviembre.wav\"><\/audio><figcaption>Narrado por la autora<br>MaRGaRiTa MaR\u00edN<br><br><br><\/figcaption><\/figure>\n\n\n\n<p>Querido Diario:<\/p>\n\n\n\n<p>Todav\u00eda estoy <em>d\u00e1ndole vueltas<\/em> al disgusto que me llev\u00e9 ayer cuando fui a lo de las telas.<\/p>\n\n\n\n<p>Y es que no hay que ser muy listo, ni tener estudios,<em> pa\u2019darse<\/em> cuenta de d\u00f3nde radica el mal de la carest\u00eda. Y como no nos unamos todos, como un s\u00f3lo hombre, y nos dediquemos a arrancar de cuajo toda esta mala yerba parasitaria de la econom\u00eda nacional que hay en los intermediarios entre la f\u00e1brica y el consumidor, <em>poca soluci\u00f3n<\/em> va a tener esto.<\/p>\n\n\n\n<p>\u00a1Qu\u00e9 no puede ser subir los precios m\u00e1s <em>pa\u2019trabajar <\/em>menos, hombre!<\/p>\n\n\n\n<p>\u00a1Que se <em>endurece el espinazo<\/em> de tanto <em>no dar palo al agua<\/em>!<\/p>\n\n\n\n<p>Acaparadores, logreros, especuladores y usureros que paralizan con su ambici\u00f3n personal la circulaci\u00f3n econ\u00f3mica de todo un pa\u00eds, por pura avaricia.<em> Y entre todos la mataron y ella sola se muri\u00f3.<\/em><\/p>\n\n\n\n<p>Est\u00e1 claro, o abaratan la vida o nos dan m\u00e1s dineros, pero esto no puede seguir as\u00ed, que ya ni la clase media puede con esta explotaci\u00f3n, y est\u00e1 empezando a sublevarse.<\/p>\n\n\n\n<p>Si no van a perseguir y castigar este mercantilismo despiadado, los conflictos ser\u00e1n cada vez m\u00e1s violentos y peligrosos (yo <em>no s\u00e9 en d\u00f3nde tienen las cabezas<\/em> esta gente del Gobierno)<\/p>\n\n\n\n<p>Como dicen hoy en <em>El Defensor<\/em>: \u00ab<em>No cabe paz donde hay miseria; no cabe calma donde hay hambre\u00bb.<\/em><\/p>\n\n\n\n<div class=\"wp-block-image is-style-rounded\"><figure class=\"aligncenter size-large is-resized\"><img loading=\"lazy\" decoding=\"async\" src=\"http:\/\/www.diarioalbayzinera.com\/wp-content\/uploads\/2020\/01\/resignacion-1.jpg\" alt=\"\" class=\"wp-image-972\" width=\"100\" height=\"100\" srcset=\"http:\/\/www.diarioalbayzinera.com\/wp-content\/uploads\/2020\/01\/resignacion-1.jpg 398w, http:\/\/www.diarioalbayzinera.com\/wp-content\/uploads\/2020\/01\/resignacion-1-300x300.jpg 300w, http:\/\/www.diarioalbayzinera.com\/wp-content\/uploads\/2020\/01\/resignacion-1-150x150.jpg 150w\" sizes=\"(max-width: 100px) 100vw, 100px\" \/><\/figure><\/div>\n","protected":false},"excerpt":{"rendered":"<p>Querido Diario: Todav\u00eda estoy d\u00e1ndole vueltas al disgusto que me llev\u00e9 ayer cuando fui a lo de las telas. Y es que no hay que ser muy listo, ni tener estudios, pa\u2019darse cuenta de d\u00f3nde radica el mal de la carest\u00eda. Y como no nos unamos todos, como un s\u00f3lo hombre, y nos dediquemos a [&hellip;]<\/p>\n","protected":false},"author":2,"featured_media":0,"comment_status":"open","ping_status":"open","sticky":false,"template":"","format":"standard","meta":{"footnotes":""},"categories":[158],"tags":[59,104,60,157,161,129,156],"_links":{"self":[{"href":"http:\/\/www.diarioalbayzinera.com\/index.php\/wp-json\/wp\/v2\/posts\/3661"}],"collection":[{"href":"http:\/\/www.diarioalbayzinera.com\/index.php\/wp-json\/wp\/v2\/posts"}],"about":[{"href":"http:\/\/www.diarioalbayzinera.com\/index.php\/wp-json\/wp\/v2\/types\/post"}],"author":[{"embeddable":true,"href":"http:\/\/www.diarioalbayzinera.com\/index.php\/wp-json\/wp\/v2\/users\/2"}],"replies":[{"embeddable":true,"href":"http:\/\/www.diarioalbayzinera.com\/index.php\/wp-json\/wp\/v2\/comments?post=3661"}],"version-history":[{"count":2,"href":"http:\/\/www.diarioalbayzinera.com\/index.php\/wp-json\/wp\/v2\/posts\/3661\/revisions"}],"predecessor-version":[{"id":3695,"href":"http:\/\/www.diarioalbayzinera.com\/index.php\/wp-json\/wp\/v2\/posts\/3661\/revisions\/3695"}],"wp:attachment":[{"href":"http:\/\/www.diarioalbayzinera.com\/index.php\/wp-json\/wp\/v2\/media?parent=3661"}],"wp:term":[{"taxonomy":"category","embeddable":true,"href":"http:\/\/www.diarioalbayzinera.com\/index.php\/wp-json\/wp\/v2\/categories?post=3661"},{"taxonomy":"post_tag","embeddable":true,"href":"http:\/\/www.diarioalbayzinera.com\/index.php\/wp-json\/wp\/v2\/tags?post=3661"}],"curies":[{"name":"wp","href":"https:\/\/api.w.org\/{rel}","templated":true}]}}