{"id":3571,"date":"2020-11-14T20:50:00","date_gmt":"2020-11-14T19:50:00","guid":{"rendered":"http:\/\/www.diarioalbayzinera.com\/?p=3571"},"modified":"2024-01-02T08:03:16","modified_gmt":"2024-01-02T07:03:16","slug":"14-noviembre-de-1920-domingo","status":"publish","type":"post","link":"http:\/\/www.diarioalbayzinera.com\/index.php\/2020\/11\/14\/14-noviembre-de-1920-domingo\/","title":{"rendered":"14 NOVIEMBRE DE 1920, DOMINGO"},"content":{"rendered":"\n<figure class=\"wp-block-audio\"><audio controls src=\"http:\/\/www.diarioalbayzinera.com\/wp-content\/uploads\/2020\/11\/14-Noviembre.wav\"><\/audio><figcaption class=\"wp-element-caption\">Narrado por la autora<br>MaRGaRiTa MaR\u00edN<br><br><br><\/figcaption><\/figure>\n\n\n\n<p>Querido Diario:<\/p>\n\n\n\n<p>Pues ya que se iban a cumplir dos meses sin un contagio de tifus en Granada y <em>nos las promet\u00edamos felices<\/em>, resulta que ahora hay rebrotes de viruela por la provincia y son ya 300 personas las que han muerto en Espa\u00f1a en este \u00faltimo semestre.<\/p>\n\n\n\n<p>Y <em>t\u00f3<\/em> por no hacer las cosas bien. Hoy estuve hablando con Manol\u00edn de eso precisamente cuando baj\u00e9 al patio a por agua, que lo v\u00ed. <\/p>\n\n\n\n<p>Resulta que en verdad la vacuna es obligatoria desde hace a\u00f1os pero los ayuntamientos no est\u00e1n vacunando y los que s\u00ed han puesto vacuna no han puesto la de recordatorio. Y, lo que es peor, no hacen tampoco campa\u00f1as de concienciaci\u00f3n.<\/p>\n\n\n\n<p><em>-Es que hay mucha ignorancia y desconocimiento-<\/em> me dice Manol\u00edn- <em>Habiendo ciencia es incomprensible que sigamos as\u00ed.<\/em><\/p>\n\n\n\n<p>&#8211;<em>Es que la verdad que es un poco \u201cyo qu\u00e9 s\u00e9\u201d lo de la vacuna. Pensar que te est\u00e1n metiendo pus de vaca en el cuerpo da como repel\u00fas\u2026 Y como que la gente tampoco se anima.<\/em><\/p>\n\n\n\n<p>&#8211;<em>\u00a1Tonter\u00edas! Eso hay que verlo como si fuera una medicina. Est\u00e1 ya m\u00e1s que visto y comprobao que el m\u00e9todo funciona, no hay que ver otra cosa. \u00a1Mira los ni\u00f1os aquellos que se llevaron para Am\u00e9rica si no salvaron vidas!<\/em><\/p>\n\n\n\n<p><em>-No, si yo que la he pasao, no me lo pensar\u00eda. Era muy chica pero me acuerdo perfectamente de lo mal que lo pas\u00e9\u2026 Me aislaron en una habitaci\u00f3n, se llevaron a mis hermanas de la casa pa\u2019que no se contagiaran, me picaba much\u00edsimo las pupas y me vendaron las manos con calcetines para que no me rascase\u2026 Y luego, si sobrevives, todo el cuerpo lleno de cicatrices de por vida\u2026<\/em><\/p>\n\n\n\n<p><em>-\u00a1Ay, pobretica, tan chica ella y por lo que tuvo que pasar!- <\/em>me dijo mientras me echaba el brazo por encima y me daba un <em>achuch\u00f3n<\/em> mientras me daba un besico fraternal de <em>la\u00edllo<\/em> en la cabeza <em>pa\u2019consolarme<\/em>.<\/p>\n\n\n\n<p><em>-Cuando yo tenga ni\u00f1os los pienso vacunar contra la viruela, manque me cueste los dineros. \u00a1Por nada en el mundo los dejar\u00eda yo pasar por eso!<\/em><\/p>\n\n\n\n<p>&#8211;<em>Claro, a nuestros hijos nunca les va a faltar de nada y menos teniendo un padre boticario\u2026<\/em><\/p>\n\n\n\n<p><em>-\u00bfNuestros hijos?<\/em><\/p>\n\n\n\n<p>&#8211;<em>Claro, los que tengamos cuando nos casemos<\/em>&#8211; me contest\u00f3 todo convencido.<\/p>\n\n\n\n<p>&#8211;<em>\u00bfCu\u00e1ndo nos casemos?<\/em>&#8211; yo <em>pa\u2019m\u00ed que<\/em> no nos est\u00e1bamos entendiendo\u2026<\/p>\n\n\n\n<p>&#8211;<em>\u00a1Naturaca de la vaca!<\/em><\/p>\n\n\n\n<p>&#8211; <em>\u00a1JA! \u00bfCasarme yo contigo? \u00a1Estar\u00eda de ver!<\/em><\/p>\n\n\n\n<p>&#8211;<em>Pues ponte gafas.<\/em><\/p>\n\n\n\n<p><em>-\u00a1Lo que voy a ponerte es la cara color\u00e1h del bofet\u00f3n que te voy a dar como no me quites la manica esa del hombro!-<\/em> (Es que hasta ese momento no me hab\u00eda dado cuenta que segu\u00eda con el brazo <em>echao<\/em> por encima)<\/p>\n\n\n\n<p><em>-\u00a1Oj\u00fa, qu\u00e9 car\u00e1cter, reinilla! Si esto es ahora, cuando seas vieja no va a haber qui\u00e9n te aguante\u2026 Salvo yo, claro, que ser\u00e9 tu paciente y leal esposo-<\/em> Termin\u00f3 dici\u00e9ndome con ese parpadeo de gal\u00e1n de cinemat\u00f3grafo que me siempre me hace <em>pa\u2019derrotarme<\/em>.<\/p>\n\n\n\n<p><em>-Mira que eres payasote-<\/em> Ya no pudimos m\u00e1s que re\u00edrnos &#8211;<em>\u00a1D\u00e9hate de novios, casamientos y ni\u00f1os que somos mu\u2019chicoh pa\u2019eso!<\/em><\/p>\n\n\n\n<p>&#8211;<em>No pasa n\u00e1, Quiquilla, la falta de a\u00f1os se arregla con el tiempo\u2026 lo que tenemos que solucionar es \u201cel arreglo\u201d entre nosotros.<\/em><\/p>\n\n\n\n<p>&#8211;<em>\u00a1Anda, anda, baranda!-<\/em> Conclu\u00ed mientras me marchaba ya <em>pa\u2019la<\/em> casa con mi agua &#8211;<em>\u00a1Aviao vas, muchacho!<\/em><\/p>\n\n\n\n<p>&#8211;<em>\u00a1Hasta ma\u00f1ana, Reina Mora!<\/em><\/p>\n\n\n\n<p><em>-\u00a1Hasta ma\u00f1ana, Sult\u00e1n!<\/em><\/p>\n\n\n\n<p>Como una cabrica est\u00e1 er chiquillo\u2026 pero ti\u00e9\u2019su gracia.<\/p>\n\n\n\n<p><em>\u00bfQui\u00e9nes fueron aquellos ni\u00f1os que salvaron vidas en am\u00e9rica? Puedes conocer esta historia sobre la vacuna de la viruela sigue leyendo:<\/em><\/p>\n\n\n\n<figure class=\"wp-block-embed-wordpress wp-block-embed is-type-wp-embed is-provider-nobbot\"><div class=\"wp-block-embed__wrapper\">\nhttps:\/\/www.nobbot.com\/personas\/vacuna-de-la-viruela\/\n<\/div><\/figure>\n","protected":false},"excerpt":{"rendered":"<p>Querido Diario: Pues ya que se iban a cumplir dos meses sin un contagio de tifus en Granada y nos las promet\u00edamos felices, resulta que ahora hay rebrotes de viruela por la provincia y son ya 300 personas las que han muerto en Espa\u00f1a en este \u00faltimo semestre. Y t\u00f3 por no hacer las cosas [&hellip;]<\/p>\n","protected":false},"author":2,"featured_media":0,"comment_status":"open","ping_status":"open","sticky":false,"template":"","format":"standard","meta":{"footnotes":""},"categories":[158],"tags":[70,49,157,64,161,156],"_links":{"self":[{"href":"http:\/\/www.diarioalbayzinera.com\/index.php\/wp-json\/wp\/v2\/posts\/3571"}],"collection":[{"href":"http:\/\/www.diarioalbayzinera.com\/index.php\/wp-json\/wp\/v2\/posts"}],"about":[{"href":"http:\/\/www.diarioalbayzinera.com\/index.php\/wp-json\/wp\/v2\/types\/post"}],"author":[{"embeddable":true,"href":"http:\/\/www.diarioalbayzinera.com\/index.php\/wp-json\/wp\/v2\/users\/2"}],"replies":[{"embeddable":true,"href":"http:\/\/www.diarioalbayzinera.com\/index.php\/wp-json\/wp\/v2\/comments?post=3571"}],"version-history":[{"count":7,"href":"http:\/\/www.diarioalbayzinera.com\/index.php\/wp-json\/wp\/v2\/posts\/3571\/revisions"}],"predecessor-version":[{"id":4917,"href":"http:\/\/www.diarioalbayzinera.com\/index.php\/wp-json\/wp\/v2\/posts\/3571\/revisions\/4917"}],"wp:attachment":[{"href":"http:\/\/www.diarioalbayzinera.com\/index.php\/wp-json\/wp\/v2\/media?parent=3571"}],"wp:term":[{"taxonomy":"category","embeddable":true,"href":"http:\/\/www.diarioalbayzinera.com\/index.php\/wp-json\/wp\/v2\/categories?post=3571"},{"taxonomy":"post_tag","embeddable":true,"href":"http:\/\/www.diarioalbayzinera.com\/index.php\/wp-json\/wp\/v2\/tags?post=3571"}],"curies":[{"name":"wp","href":"https:\/\/api.w.org\/{rel}","templated":true}]}}