{"id":3492,"date":"2020-11-04T20:50:00","date_gmt":"2020-11-04T19:50:00","guid":{"rendered":"http:\/\/www.diarioalbayzinera.com\/?p=3492"},"modified":"2024-01-02T07:14:48","modified_gmt":"2024-01-02T06:14:48","slug":"4-noviembre-de-1920-jueves","status":"publish","type":"post","link":"http:\/\/www.diarioalbayzinera.com\/index.php\/2020\/11\/04\/4-noviembre-de-1920-jueves\/","title":{"rendered":"4 NOVIEMBRE DE 1920, JUEVES"},"content":{"rendered":"\n<figure class=\"wp-block-audio\"><audio controls src=\"http:\/\/www.diarioalbayzinera.com\/wp-content\/uploads\/2020\/11\/04-Noviembre.wav\"><\/audio><figcaption class=\"wp-element-caption\">Narrado por la autora<br>MaRGaRiTa MaR\u00edN<br><br><br><\/figcaption><\/figure>\n\n\n\n<p>Querido Diario:<\/p>\n\n\n\n<p>Hoy hay m\u00fasica en el Paseo del Sal\u00f3n, las ni\u00f1as del taller se han ido a echar un rato pero yo me he quedado en casa porque no tengo <em>ni chispa\u2019ganas<\/em> de pasar fr\u00edo. Estoy <em>espeler\u00eda<\/em> y <em>aflojin\u00e1h perd\u00eda<\/em>, la verdad. <\/p>\n\n\n\n<p>\u00a1<em>Pa\u2019qu\u00e9<\/em> te voy a decir otra cosa! Me puede hoy la <em>galbana<\/em>.<\/p>\n\n\n\n<p>Con el panorama que tenemos en el pa\u00eds, el \u00e1nimo est\u00e1 nublado como el d\u00eda con tanta penalidad y tan pocas expectativas de mejora. Los conflictos se multiplican de forma terrible y ni siendo optimista <em>tienes tripas de<\/em> encontrarle salida a tanto desprop\u00f3sito.<\/p>\n\n\n\n<p>Y Granada no est\u00e1 tan fuera de \u00f3rbita, como nos descuidemos <em>un pel\u00edn<\/em>\u2026 Ya sabes eso de <em>\u201ccuando veas las barbas de tu vecino recortar, pon las tuyas a remojar\u201d<\/em>. <em>Estamos a un tris<\/em> de que se lie una gorda.<\/p>\n\n\n\n<p>En puertas de unas Elecciones Generales y no se ve m\u00e1s que el montaje de <em>tinglaos<\/em> pol\u00edticos con sus <em>encasillaos<\/em> intereses partidarios y ambiciones particulares que aumentan m\u00e1s el malestar frente a la dram\u00e1tica realidad social que no escuchan y, claro, ocurren cosas alarmantes: siguen los atentados personales, la caza de hombres a tiro limpio\u2026 Y no hay quien desencone esta lucha de clases.<\/p>\n\n\n\n<p>Se habla ya del <em>terror blanco<\/em> y el <em>terror rojo<\/em> pero, en realidad, lo que ocurre es que se intensifican m\u00e1s todos los terrores como una r\u00e1faga de locura infernal que cruza la vida de todos los espa\u00f1oles.<\/p>\n\n\n\n<p>Tendr\u00eda que haberme ido con las ni\u00f1as al Paseo del Sal\u00f3n a escuchar m\u00fasica y <em>quitarme de<\/em> estos disgustos&#8230;<\/p>\n\n\n\n<p>\u00a1Si con ponerse un buen abrigo estaba <em>to\u2019arreglao<\/em>, <em>jol\u00edn<\/em>!<\/p>\n\n\n\n<p>\u00a1Estoy <em>alel\u00e1h, contri<\/em>!<\/p>\n\n\n<div class=\"wp-block-image is-style-rounded\">\n<figure class=\"aligncenter size-large is-resized\"><img loading=\"lazy\" decoding=\"async\" width=\"398\" height=\"398\" src=\"http:\/\/www.diarioalbayzinera.com\/wp-content\/uploads\/2020\/01\/ojos-cerrados.jpg\" alt=\"\" class=\"wp-image-892\" style=\"width:100px;height:100px\" srcset=\"http:\/\/www.diarioalbayzinera.com\/wp-content\/uploads\/2020\/01\/ojos-cerrados.jpg 398w, http:\/\/www.diarioalbayzinera.com\/wp-content\/uploads\/2020\/01\/ojos-cerrados-300x300.jpg 300w, http:\/\/www.diarioalbayzinera.com\/wp-content\/uploads\/2020\/01\/ojos-cerrados-150x150.jpg 150w\" sizes=\"(max-width: 398px) 100vw, 398px\" \/><\/figure><\/div>","protected":false},"excerpt":{"rendered":"<p>Querido Diario: Hoy hay m\u00fasica en el Paseo del Sal\u00f3n, las ni\u00f1as del taller se han ido a echar un rato pero yo me he quedado en casa porque no tengo ni chispa\u2019ganas de pasar fr\u00edo. Estoy espeler\u00eda y aflojin\u00e1h perd\u00eda, la verdad. \u00a1Pa\u2019qu\u00e9 te voy a decir otra cosa! Me puede hoy la galbana. [&hellip;]<\/p>\n","protected":false},"author":2,"featured_media":0,"comment_status":"open","ping_status":"open","sticky":false,"template":"","format":"standard","meta":{"footnotes":""},"categories":[158],"tags":[160,157,53,133,107,161,46,156],"_links":{"self":[{"href":"http:\/\/www.diarioalbayzinera.com\/index.php\/wp-json\/wp\/v2\/posts\/3492"}],"collection":[{"href":"http:\/\/www.diarioalbayzinera.com\/index.php\/wp-json\/wp\/v2\/posts"}],"about":[{"href":"http:\/\/www.diarioalbayzinera.com\/index.php\/wp-json\/wp\/v2\/types\/post"}],"author":[{"embeddable":true,"href":"http:\/\/www.diarioalbayzinera.com\/index.php\/wp-json\/wp\/v2\/users\/2"}],"replies":[{"embeddable":true,"href":"http:\/\/www.diarioalbayzinera.com\/index.php\/wp-json\/wp\/v2\/comments?post=3492"}],"version-history":[{"count":4,"href":"http:\/\/www.diarioalbayzinera.com\/index.php\/wp-json\/wp\/v2\/posts\/3492\/revisions"}],"predecessor-version":[{"id":4904,"href":"http:\/\/www.diarioalbayzinera.com\/index.php\/wp-json\/wp\/v2\/posts\/3492\/revisions\/4904"}],"wp:attachment":[{"href":"http:\/\/www.diarioalbayzinera.com\/index.php\/wp-json\/wp\/v2\/media?parent=3492"}],"wp:term":[{"taxonomy":"category","embeddable":true,"href":"http:\/\/www.diarioalbayzinera.com\/index.php\/wp-json\/wp\/v2\/categories?post=3492"},{"taxonomy":"post_tag","embeddable":true,"href":"http:\/\/www.diarioalbayzinera.com\/index.php\/wp-json\/wp\/v2\/tags?post=3492"}],"curies":[{"name":"wp","href":"https:\/\/api.w.org\/{rel}","templated":true}]}}