{"id":3213,"date":"2020-10-06T20:50:00","date_gmt":"2020-10-06T18:50:00","guid":{"rendered":"http:\/\/www.diarioalbayzinera.com\/?p=3213"},"modified":"2023-12-30T11:35:15","modified_gmt":"2023-12-30T10:35:15","slug":"6-octubre-de-1920-miercoles","status":"publish","type":"post","link":"http:\/\/www.diarioalbayzinera.com\/index.php\/2020\/10\/06\/6-octubre-de-1920-miercoles\/","title":{"rendered":"6 OCTUBRE DE 1920, MI\u00c9RCOLES"},"content":{"rendered":"\n<figure class=\"wp-block-audio\"><audio controls src=\"http:\/\/www.diarioalbayzinera.com\/wp-content\/uploads\/2020\/10\/06-Octubre.wav\"><\/audio><figcaption class=\"wp-element-caption\">Narrado por la autora<br>MaRGaRiTa MaR\u00edN<br><br><br><\/figcaption><\/figure>\n\n\n\n<p>Querido Diario:<\/p>\n\n\n\n<p>Se acaba el aceite de tasa como se acabar\u00e1 con el trigo\u2026 No s\u00e9 qu\u00e9 va ser a de nosotros c\u00f3mo no le den soluci\u00f3n ya al problema de las subsistencias. Que unos cuantos condenen al hambre y la miseria a Granada por hacer ellos un bonito negocio y que las autoridades lo permitan nos conduce seguramente a un fatal desenlace. Y no s\u00f3lo aqu\u00ed, sino a todo el pa\u00eds, que estamos todos igual en esta materia.<\/p>\n\n\n\n<p>Ayer ya los panaderos de Granada anunciaron oficialmente que dado el aumento de los jornales de los obreros desde hoy suben el pan 5 c\u00e9ntimos, quedando el precio fijado a 75 c\u00e9ntimos. <\/p>\n\n\n\n<p>Y el Alcalde ha dicho que no est\u00e1 en sus facultades autorizar tal subida, que eso es cosa del Cabildo que ser\u00e1 quien resolver\u00e1 y que \u00e9l no s\u00f3lo es contrario a cualquier subida del pan, sino que adem\u00e1s ya orden\u00f3 ayer a los agentes que prohibieran que se vendiera la hogaza a 75 c\u00e9ntimos y esperaba que los granadinos no pagaran esos 5 c\u00e9ntimos m\u00e1s que le piden.<\/p>\n\n\n\n<p>Cosa que no han hecho las tiendas y lo han subido a 75, s\u00ed o s\u00ed, si no hab\u00eda guardias a la vista, porque ya no pod\u00edan devolverlo a los tahoneros.<\/p>\n\n\n\n<p>Tambi\u00e9n sali\u00f3 ayer la tabla reguladora del az\u00facar pil\u00e9 que la bajan de 2,90 a 2,80 el kilo. Y del aceite de tasa, se seguir\u00e1n repartiendo vales porque a\u00fan queda algo de existencias de la primera adjudicaci\u00f3n.<\/p>\n\n\n\n<p>Pero se est\u00e1 poniendo buena la cosa <em>(\u00bfaeh?)<\/em> Parece que \u00e9ste no se apea ya de su dimisi\u00f3n. \u00a1C\u00f3mo si lo estuviera viendo, vamos! Si es que lo tienen fritico ya al pobre\u2026<\/p>\n\n\n\n<p>A ver c\u00f3mo acaba el Calbildo de hoy\u2026 Esperemos que todos hayan hecho examen de conciencia y no acabe la cosa como el otro d\u00eda de <em>malamente<\/em>\u2026<\/p>\n\n\n<div class=\"wp-block-image is-style-rounded\">\n<figure class=\"aligncenter size-large is-resized\"><img loading=\"lazy\" decoding=\"async\" width=\"398\" height=\"398\" src=\"http:\/\/www.diarioalbayzinera.com\/wp-content\/uploads\/2020\/01\/peinadoII-3.jpg\" alt=\"\" class=\"wp-image-964\" style=\"width:100px;height:100px\" srcset=\"http:\/\/www.diarioalbayzinera.com\/wp-content\/uploads\/2020\/01\/peinadoII-3.jpg 398w, http:\/\/www.diarioalbayzinera.com\/wp-content\/uploads\/2020\/01\/peinadoII-3-300x300.jpg 300w, http:\/\/www.diarioalbayzinera.com\/wp-content\/uploads\/2020\/01\/peinadoII-3-150x150.jpg 150w\" sizes=\"(max-width: 398px) 100vw, 398px\" \/><\/figure><\/div>","protected":false},"excerpt":{"rendered":"<p>Querido Diario: Se acaba el aceite de tasa como se acabar\u00e1 con el trigo\u2026 No s\u00e9 qu\u00e9 va ser a de nosotros c\u00f3mo no le den soluci\u00f3n ya al problema de las subsistencias. Que unos cuantos condenen al hambre y la miseria a Granada por hacer ellos un bonito negocio y que las autoridades lo [&hellip;]<\/p>\n","protected":false},"author":2,"featured_media":0,"comment_status":"open","ping_status":"open","sticky":false,"template":"","format":"standard","meta":{"footnotes":""},"categories":[154],"tags":[88,32,155,45,46,129],"_links":{"self":[{"href":"http:\/\/www.diarioalbayzinera.com\/index.php\/wp-json\/wp\/v2\/posts\/3213"}],"collection":[{"href":"http:\/\/www.diarioalbayzinera.com\/index.php\/wp-json\/wp\/v2\/posts"}],"about":[{"href":"http:\/\/www.diarioalbayzinera.com\/index.php\/wp-json\/wp\/v2\/types\/post"}],"author":[{"embeddable":true,"href":"http:\/\/www.diarioalbayzinera.com\/index.php\/wp-json\/wp\/v2\/users\/2"}],"replies":[{"embeddable":true,"href":"http:\/\/www.diarioalbayzinera.com\/index.php\/wp-json\/wp\/v2\/comments?post=3213"}],"version-history":[{"count":3,"href":"http:\/\/www.diarioalbayzinera.com\/index.php\/wp-json\/wp\/v2\/posts\/3213\/revisions"}],"predecessor-version":[{"id":4865,"href":"http:\/\/www.diarioalbayzinera.com\/index.php\/wp-json\/wp\/v2\/posts\/3213\/revisions\/4865"}],"wp:attachment":[{"href":"http:\/\/www.diarioalbayzinera.com\/index.php\/wp-json\/wp\/v2\/media?parent=3213"}],"wp:term":[{"taxonomy":"category","embeddable":true,"href":"http:\/\/www.diarioalbayzinera.com\/index.php\/wp-json\/wp\/v2\/categories?post=3213"},{"taxonomy":"post_tag","embeddable":true,"href":"http:\/\/www.diarioalbayzinera.com\/index.php\/wp-json\/wp\/v2\/tags?post=3213"}],"curies":[{"name":"wp","href":"https:\/\/api.w.org\/{rel}","templated":true}]}}