{"id":3118,"date":"2020-09-25T20:50:00","date_gmt":"2020-09-25T18:50:00","guid":{"rendered":"http:\/\/www.diarioalbayzinera.com\/?p=3118"},"modified":"2023-12-29T13:27:09","modified_gmt":"2023-12-29T12:27:09","slug":"25-septiembre-de-1920-sabado","status":"publish","type":"post","link":"http:\/\/www.diarioalbayzinera.com\/index.php\/2020\/09\/25\/25-septiembre-de-1920-sabado\/","title":{"rendered":"25 SEPTIEMBRE DE 1920, S\u00c1BADO"},"content":{"rendered":"\n<figure class=\"wp-block-audio\"><audio controls src=\"http:\/\/www.diarioalbayzinera.com\/wp-content\/uploads\/2020\/09\/25-Septiembre.wav\"><\/audio><figcaption class=\"wp-element-caption\">Narrado por la autora<br>MaRGaRiTa MaR\u00edN<br><br><br><\/figcaption><\/figure>\n\n\n\n<p>Querido Diario:<\/p>\n\n\n\n<p>Anteanoche, en el Centro Art\u00edstico, el Sr. Jos\u00e9 Torres Garc\u00eda estuvo dando una charla sobre los nuevos hallazgos y descubrimientos arqueol\u00f3gicos en la Alcazaba y en la Alhambra.<\/p>\n\n\n\n<p>Bueno, habl\u00f3 de m\u00e1s cosas, sobre todo, de lo que han encontrado en la plaza de Armas y el ba\u00f1o bajo la Torre de la Vela, pero de lo que he le\u00eddo, lo que m\u00e1s gracia me ha hecho, es que dice que existe la leyenda de que la Alcazaba fue construida por la noche y con antorchas para poder luchar durante el d\u00eda contra los mulad\u00edes de Elvira, que por lo visto les hac\u00edan una guerra sin cuartel.<\/p>\n\n\n\n<p>S\u00ed, ya, claro\u2026 \u00a1<em>Menudo<\/em> cuento! Sin dormir para guerrear al d\u00eda siguiente\u2026 \u00a1Anda ya! Ya podr\u00edan inventarse leyendas un poco <em>m\u00e1s trabaj\u00e1<\/em>h\u2026 no s\u00e9\u2026 que fue construida en una sola noche por el duende del cuento del zapatero, o algo as\u00ed.<\/p>\n\n\n\n<p><em>Anda que\u2026<\/em><\/p>\n\n\n\n<p>Tambi\u00e9n estuvo debatiendo alguna afirmaci\u00f3n de Seco de Lucena en la que por lo visto dec\u00eda que en el 712 exist\u00edan tres ciudades diferentes y coet\u00e1neas cuando Abdelaz\u00eds vino al pa\u00eds granadino, con lo que el Sr.Torres no estaba de acuerdo porque dec\u00eda que dif\u00edcilmente podr\u00eda existir en el Albayz\u00edn poblaci\u00f3n alguna con los nombres de Garnatha, Agranata o Arromana porque el Hinz-Arroman, Castillo del Granado, no se construye hasta el 765 y el \u00e1rbol del granado fue tra\u00eddo aqu\u00ed de Siria en el 756.<\/p>\n\n\n\n<p>Interesante, pero digo yo\u2026 (que yo no entiendo de estas cosas, ni las he estudiado pero se me plantea un dilema l\u00f3gico que no s\u00e9 si viene a cuento) que aqu\u00ed no conoci\u00e9ramos el \u00e1rbol del granado no quiere decir que otros pueblos no lo conocieran de sus tierras y cultura \u00bfno? \u00bfo esto c\u00f3mo va? <\/p>\n\n\n\n<p>Imag\u00ednate que yo me voy a vivir a un pa\u00eds donde no existen los geranios\u2026 \u00bfya no puedo hablar de ellos a mis nuevos vecinos? Pero si ya los griegos lo utilizaban en su mitolog\u00eda, la perdici\u00f3n de Pers\u00e9fone, por ejemplo, fue comer semillas de granada\u2026 \u00bfo es que en Grecia se llamaba de otra forma?<\/p>\n\n\n\n<p>\u00bfNo puede ser que nos llegara la palabra por otro lado? \u00a1Qu\u00e9 por aqu\u00ed han pasado tela de culturas! Lo mismo la trajeron (la palabra) los romanos antes\u2026 <em>\u00a1Yo qu\u00e9 s\u00e9!<\/em><\/p>\n\n\n\n<p>L\u00e1stima no haber podido asistir a la conferencia y haber podido preguntarle, porque llevo todo el d\u00eda <em>liando el carrete<\/em> con esto.<\/p>\n\n\n\n<p>Lo de la Historia parece que no es lo m\u00edo, la mitad de las cosas no las entiendo y la otra mitad, no me aclaro\u2026<\/p>\n\n\n\n<p>Tendr\u00e9 que pregunt\u00e1rselo a<em> Papa-Antonio<\/em>, a ver qu\u00e9 dice\u2026<\/p>\n\n\n\n<figure class=\"wp-block-embed is-type-video is-provider-youtube wp-block-embed-youtube wp-embed-aspect-16-9 wp-has-aspect-ratio\"><div class=\"wp-block-embed__wrapper\">\n<iframe loading=\"lazy\" title=\"EL MITO DE PERS\u00c9FONE | Draw My Life\" width=\"600\" height=\"338\" src=\"https:\/\/www.youtube.com\/embed\/woS1o-CkHQ8?feature=oembed\" frameborder=\"0\" allow=\"accelerometer; autoplay; clipboard-write; encrypted-media; gyroscope; picture-in-picture; web-share\" allowfullscreen><\/iframe>\n<\/div><\/figure>\n\n\n\n<p class=\"has-text-align-center\">Pers\u00e9fone ya ha vuelto al Inframundo \u00a1Feliz Oto\u00f1o!<\/p>\n","protected":false},"excerpt":{"rendered":"<p>Querido Diario: Anteanoche, en el Centro Art\u00edstico, el Sr. Jos\u00e9 Torres Garc\u00eda estuvo dando una charla sobre los nuevos hallazgos y descubrimientos arqueol\u00f3gicos en la Alcazaba y en la Alhambra. Bueno, habl\u00f3 de m\u00e1s cosas, sobre todo, de lo que han encontrado en la plaza de Armas y el ba\u00f1o bajo la Torre de la [&hellip;]<\/p>\n","protected":false},"author":2,"featured_media":0,"comment_status":"open","ping_status":"open","sticky":false,"template":"","format":"standard","meta":{"footnotes":""},"categories":[143],"tags":[34,76,153],"_links":{"self":[{"href":"http:\/\/www.diarioalbayzinera.com\/index.php\/wp-json\/wp\/v2\/posts\/3118"}],"collection":[{"href":"http:\/\/www.diarioalbayzinera.com\/index.php\/wp-json\/wp\/v2\/posts"}],"about":[{"href":"http:\/\/www.diarioalbayzinera.com\/index.php\/wp-json\/wp\/v2\/types\/post"}],"author":[{"embeddable":true,"href":"http:\/\/www.diarioalbayzinera.com\/index.php\/wp-json\/wp\/v2\/users\/2"}],"replies":[{"embeddable":true,"href":"http:\/\/www.diarioalbayzinera.com\/index.php\/wp-json\/wp\/v2\/comments?post=3118"}],"version-history":[{"count":4,"href":"http:\/\/www.diarioalbayzinera.com\/index.php\/wp-json\/wp\/v2\/posts\/3118\/revisions"}],"predecessor-version":[{"id":4848,"href":"http:\/\/www.diarioalbayzinera.com\/index.php\/wp-json\/wp\/v2\/posts\/3118\/revisions\/4848"}],"wp:attachment":[{"href":"http:\/\/www.diarioalbayzinera.com\/index.php\/wp-json\/wp\/v2\/media?parent=3118"}],"wp:term":[{"taxonomy":"category","embeddable":true,"href":"http:\/\/www.diarioalbayzinera.com\/index.php\/wp-json\/wp\/v2\/categories?post=3118"},{"taxonomy":"post_tag","embeddable":true,"href":"http:\/\/www.diarioalbayzinera.com\/index.php\/wp-json\/wp\/v2\/tags?post=3118"}],"curies":[{"name":"wp","href":"https:\/\/api.w.org\/{rel}","templated":true}]}}