{"id":3091,"date":"2020-09-23T20:50:00","date_gmt":"2020-09-23T18:50:00","guid":{"rendered":"http:\/\/www.diarioalbayzinera.com\/?p=3091"},"modified":"2023-12-29T13:16:58","modified_gmt":"2023-12-29T12:16:58","slug":"23-septiembre-1920-jueves","status":"publish","type":"post","link":"http:\/\/www.diarioalbayzinera.com\/index.php\/2020\/09\/23\/23-septiembre-1920-jueves\/","title":{"rendered":"23 SEPTIEMBRE 1920, JUEVES"},"content":{"rendered":"\n<figure class=\"wp-block-audio\"><audio controls src=\"http:\/\/www.diarioalbayzinera.com\/wp-content\/uploads\/2020\/09\/23-Septiembre.wav\"><\/audio><figcaption>Narrado por la autora<br>MaRGaRiTa MaR\u00edN<br><br><br><\/figcaption><\/figure>\n\n\n\n<p>Querido Diario:<\/p>\n\n\n\n<p>\u00a1Qu\u00e9 no quiero hablar m\u00e1s del pan! pero que la ha liado, <em>pero bien,<\/em> el Gobierno Central liberalizando los precios\u2026 \u00a1<em>Ti\u00e9\u2019miga<\/em> la cosa!<\/p>\n\n\n\n<p>Digo yo, que no entiendo de esto, si los tenedores de trigo de Granada resulta que pueden vender su mercanc\u00eda a mayor precio fuera de la provincia \u00bfalguien se cree que no se van a aprovechar? \u00bfD\u00f3nde vamos a comprar el trigo? \u00bfEn el extranjero?<\/p>\n\n\n\n<p>Dos veces se ha reunido ya el alcalde con fabricantes de harina, panaderos y obreros. Dicen que en Granada, entre los tenedores, hay el doble de trigo de esas 180.000 fanegas que se necesitan pero claro los tenedores son los que tendr\u00edan que ofrecerlo. Los fabricantes de harina dicen que no se puede vender la harina a 9 pesetas la arroba (11kg) comprando la fanega (44Kg) a 32 pesetas como ya se est\u00e1 vendiendo en otras provincias.<\/p>\n\n\n\n<p>La cosa est\u00e1 en conseguir esas 180.000 fanegas de trigo que hacen falta hasta Julio, a 30 pesetas la fanega en origen, porque tanto el Sr. Bandr\u00e9s, fabricante de harina, como su hom\u00f3logo Sr. G\u00f3mez Mateos, se han comprometido a proporcionar entre los dos las 600 fanegas necesarias para Granada a 9 pesetas la arroba que es el precio que se viene haciendo ahora, para que de esta manera se evite que otros puedan subir el precio del pan.<\/p>\n\n\n\n<p>Eso s\u00ed, habr\u00e1 que tomar medidas para que no se pueda vender el pan fuera de la provincia\u2026 <em>\u00a1Chica tarea!<\/em><\/p>\n\n\n\n<p>Gran esfuerzo el que est\u00e1n dispuestos a asumir estos fabricantes, ahora s\u00f3lo falta que los tenedores granadinos y su deber moral con Granada est\u00e9n a la altura.<\/p>\n\n\n\n<p>Habr\u00e1 que verlo para creerlo porque yo ya no me creo <em>n\u00e1 <\/em>de <em>to\u2019estos<\/em> tr\u00e1palas.<\/p>\n\n\n\n<div class=\"wp-block-image is-style-rounded\"><figure class=\"aligncenter size-large is-resized\"><img loading=\"lazy\" decoding=\"async\" src=\"http:\/\/www.diarioalbayzinera.com\/wp-content\/uploads\/2020\/01\/peinadoII.jpg\" alt=\"\" class=\"wp-image-860\" width=\"100\" height=\"100\" srcset=\"http:\/\/www.diarioalbayzinera.com\/wp-content\/uploads\/2020\/01\/peinadoII.jpg 398w, http:\/\/www.diarioalbayzinera.com\/wp-content\/uploads\/2020\/01\/peinadoII-300x300.jpg 300w, http:\/\/www.diarioalbayzinera.com\/wp-content\/uploads\/2020\/01\/peinadoII-150x150.jpg 150w\" sizes=\"(max-width: 100px) 100vw, 100px\" \/><\/figure><\/div>\n","protected":false},"excerpt":{"rendered":"<p>Querido Diario: \u00a1Qu\u00e9 no quiero hablar m\u00e1s del pan! pero que la ha liado, pero bien, el Gobierno Central liberalizando los precios\u2026 \u00a1Ti\u00e9\u2019miga la cosa! Digo yo, que no entiendo de esto, si los tenedores de trigo de Granada resulta que pueden vender su mercanc\u00eda a mayor precio fuera de la provincia \u00bfalguien se cree [&hellip;]<\/p>\n","protected":false},"author":2,"featured_media":0,"comment_status":"open","ping_status":"open","sticky":false,"template":"","format":"standard","meta":{"footnotes":""},"categories":[143],"tags":[88,60,45,46,129,153],"_links":{"self":[{"href":"http:\/\/www.diarioalbayzinera.com\/index.php\/wp-json\/wp\/v2\/posts\/3091"}],"collection":[{"href":"http:\/\/www.diarioalbayzinera.com\/index.php\/wp-json\/wp\/v2\/posts"}],"about":[{"href":"http:\/\/www.diarioalbayzinera.com\/index.php\/wp-json\/wp\/v2\/types\/post"}],"author":[{"embeddable":true,"href":"http:\/\/www.diarioalbayzinera.com\/index.php\/wp-json\/wp\/v2\/users\/2"}],"replies":[{"embeddable":true,"href":"http:\/\/www.diarioalbayzinera.com\/index.php\/wp-json\/wp\/v2\/comments?post=3091"}],"version-history":[{"count":3,"href":"http:\/\/www.diarioalbayzinera.com\/index.php\/wp-json\/wp\/v2\/posts\/3091\/revisions"}],"predecessor-version":[{"id":3114,"href":"http:\/\/www.diarioalbayzinera.com\/index.php\/wp-json\/wp\/v2\/posts\/3091\/revisions\/3114"}],"wp:attachment":[{"href":"http:\/\/www.diarioalbayzinera.com\/index.php\/wp-json\/wp\/v2\/media?parent=3091"}],"wp:term":[{"taxonomy":"category","embeddable":true,"href":"http:\/\/www.diarioalbayzinera.com\/index.php\/wp-json\/wp\/v2\/categories?post=3091"},{"taxonomy":"post_tag","embeddable":true,"href":"http:\/\/www.diarioalbayzinera.com\/index.php\/wp-json\/wp\/v2\/tags?post=3091"}],"curies":[{"name":"wp","href":"https:\/\/api.w.org\/{rel}","templated":true}]}}