{"id":3089,"date":"2020-09-21T20:49:00","date_gmt":"2020-09-21T18:49:00","guid":{"rendered":"http:\/\/www.diarioalbayzinera.com\/?p=3089"},"modified":"2023-12-29T09:44:58","modified_gmt":"2023-12-29T08:44:58","slug":"21-septiembre-de-1920-martes","status":"publish","type":"post","link":"http:\/\/www.diarioalbayzinera.com\/index.php\/2020\/09\/21\/21-septiembre-de-1920-martes\/","title":{"rendered":"21 SEPTIEMBRE DE 1920, MARTES"},"content":{"rendered":"\n<figure class=\"wp-block-audio\"><audio controls src=\"http:\/\/www.diarioalbayzinera.com\/wp-content\/uploads\/2020\/09\/21-Septiembre.wav\"><\/audio><figcaption class=\"wp-element-caption\">Narrado por la autora<br>MaRGaRiTa MaR\u00edN<br><br><br><\/figcaption><\/figure>\n\n\n\n<p>Querido Diario:<\/p>\n\n\n\n<p>&nbsp;(\u00daltimo d\u00eda de las Fiestas de Oto\u00f1o)<\/p>\n\n\n\n<p>La velada <em>albayzinera<\/em> de anoche fue todo un \u00e9xito, una vez m\u00e1s estuvo concurrid\u00edsima. Y es que los <em>albayzineros<\/em> necesitamos poco <em>pa\u2019montar<\/em> un sarao, con o sin fiestas.<\/p>\n\n\n\n<p>En la Plaza del Salvador se quem\u00f3 un castillo de fuegos artificiales y en Plaza Larga una traca. Y por supuesto, nos echamos unos bailes al son que nos tocaba la banda municipal.<\/p>\n\n\n\n<p>Manol\u00edn tard\u00f3 en decir de sacarme a bailar, cosa que me inquiet\u00f3 un poco, la verdad, no sab\u00eda si es que estaba enfadado conmigo por algo, pero estaba extra\u00f1amente distante. De hecho no articul\u00f3 palabra, ni coplilla alguna, mientras bail\u00e1bamos. Ya no sab\u00eda qu\u00e9 pensar, as\u00ed que le pregunt\u00e9:<\/p>\n\n\n\n<p><em>-Te veo raruno hoy \u00bfte pasa algo?<\/em><\/p>\n\n\n\n<p><em>-\u00bfRaruno por qu\u00e9?<\/em><\/p>\n\n\n\n<p><em>-Pues porque normalmente t\u00fa eres unas casta\u00f1uelas y hoy est\u00e1s como sin chispa. \u00bfTe preocupa algo?<\/em>&#8211; insist\u00ed.<\/p>\n\n\n\n<p>A lo que me contest\u00f3 con un gui\u00f1o:<\/p>\n\n\n\n<p><em>-\u00bfA qu\u00e9 hora dan las cinco en tu pueblo?<\/em><\/p>\n\n\n\n<p><em>-\u00a1La mae que te pari\u00f3! Ya te he dicho mil veces que en mi pueblo no hay reloj.<\/em><\/p>\n\n\n\n<p>\u00a1Cu\u00e1nto tiempo que no me soltaba su chascarrillo favorito <em>pa\u2019encorajinarme<\/em>! Pero bueno, al menos sirvi\u00f3 para romper el malfario y robarnos una sonrisa mutuamente.<\/p>\n\n\n\n<p><em>-Hoy han venido a la botica algunos de los obreros que se han quedado con los ni\u00f1os de Riotinto que llegaron la semana pasada, pidi\u00e9ndonos ayuda a la ca\u00f1a, a lo que D. Jos\u00e9 ha accedido como no pod\u00eda ser de otra manera, sin \u00e1nimo alguno de apunt\u00e1rselo, claro.<\/em> <em>De hecho no se lo ha apuntado a ninguno.<\/em><\/p>\n\n\n\n<p>&#8211;<em>\u00a1Vaya! \u00bfY eso?<\/em><\/p>\n\n\n\n<p>&#8211;<em>Pues porque muchos de estos chaveas vienen con problemas intestinales y enfermedades derivadas de su falta de alimento durante tantos meses sin comer en condiciones, as\u00ed que necesitan cuidados extraordinarios que suponen un gasto inasumible para sus familias de acogida.<\/em><\/p>\n\n\n\n<p>&#8211;<em>\u00a1\u00c1ngelicos, lo que habr\u00e1n tenido que pasar estas criaturas! No quiero ni pensarlo\u2026<\/em><\/p>\n\n\n\n<p>&#8211;<em> \u00a1Ya te digo! Adem\u00e1s como los padres adoptivos en su gran mayor\u00eda son obreros, no tienen m\u00e1s ingresos que los producidos por su trabajo, y disfrutan de la Beneficencia municipal m\u00e9dico-farmac\u00e9utica, pero como en sus tarjetas, donde se les reconoce este derecho, no est\u00e1n incluidos sus peque\u00f1os hu\u00e9spedes, pues como que se hace necesario que todos estos chiquillos de Riotinto sean incluidos en este servicio.<\/em><\/p>\n\n\n\n<p><em>-\u00bfY c\u00f3mo se arregla eso?<\/em><\/p>\n\n\n\n<p><em>&#8211; Pues pidi\u00e9ndole al Alcalde que los dote de este servicio m\u00e9dico-farmac\u00e9utico gratuito consider\u00e1ndolos incluidos en el padr\u00f3n de pobres de la ciudad. Pero, no obstante, mientras que s\u00ed, mientras que no, hay muchos boticarios y galenos que se han lanzado al rescate por su cuenta y riesgo.<\/em><\/p>\n\n\n\n<p><em>-\u00a1Claro, qu\u00e9 menos que echarle una manica a estas criaturicas! Y a sus anfitriones, obvio, que de sobra han demostrado que m\u00e1s generosidad y humanidad no les cabe en el pecho\u2026<\/em><\/p>\n\n\n\n<p>Se hizo un silencio intenso entre nosotros que me pareci\u00f3 eterno y entonces me dijo:<\/p>\n\n\n\n<p>&#8211;<em>Ning\u00fan ni\u00f1o deber\u00eda pasar hambre. No hago m\u00e1s que pensar en mis hermanos y qu\u00e9 ser\u00eda de ellos sin la aportaci\u00f3n de mi jornal con una madre lavandera y un padre sin trabajo.<\/em><\/p>\n\n\n\n<p>Por fin entend\u00ed la tristeza que escond\u00eda hoy su coranzoncillo\u2026<\/p>\n\n\n\n<p>&#8211;<em>Ahora, te digo una cosa, \u00a1como que me llamo Manolo que a mis hermanos no le va a faltar com\u00eda nunca y en cuantico pueha quito a mi madre de trabahah!<\/em><\/p>\n\n\n\n<p>Inevitablemente se me hizo un nudo en la garganta y se me humedecieron los ojos al ver los suyos. Y aunque, sinceramente, en ese momento desee darle un <em>abracico<\/em> para cobijar su alma, me tuve que conformar con apretar con mis dedos su mano, justo antes del \u00ab<em>chimp\u00fan<\/em>\u00bb del pasodoble que est\u00e1bamos bailando.<\/p>\n\n\n<div class=\"wp-block-image\">\n<figure class=\"aligncenter is-resized\"><img decoding=\"async\" src=\"http:\/\/www.diarioalbayzinera.com\/wp-content\/uploads\/2020\/09\/20191214_140515-1.jpg\" alt=\"La imagen tiene un atributo ALT vac\u00edo; su nombre de archivo es 20191214_140515-1.jpg\" style=\"width:214px;height:228px\"\/><figcaption class=\"wp-element-caption\">Manuel Beltr\u00e1n Ayala \u00abManol\u00edn\u00bb<\/figcaption><\/figure><\/div>","protected":false},"excerpt":{"rendered":"<p>Querido Diario: &nbsp;(\u00daltimo d\u00eda de las Fiestas de Oto\u00f1o) La velada albayzinera de anoche fue todo un \u00e9xito, una vez m\u00e1s estuvo concurrid\u00edsima. Y es que los albayzineros necesitamos poco pa\u2019montar un sarao, con o sin fiestas. En la Plaza del Salvador se quem\u00f3 un castillo de fuegos artificiales y en Plaza Larga una traca. [&hellip;]<\/p>\n","protected":false},"author":2,"featured_media":0,"comment_status":"open","ping_status":"open","sticky":false,"template":"","format":"standard","meta":{"footnotes":""},"categories":[143],"tags":[73,88,43,64,129,153,29],"_links":{"self":[{"href":"http:\/\/www.diarioalbayzinera.com\/index.php\/wp-json\/wp\/v2\/posts\/3089"}],"collection":[{"href":"http:\/\/www.diarioalbayzinera.com\/index.php\/wp-json\/wp\/v2\/posts"}],"about":[{"href":"http:\/\/www.diarioalbayzinera.com\/index.php\/wp-json\/wp\/v2\/types\/post"}],"author":[{"embeddable":true,"href":"http:\/\/www.diarioalbayzinera.com\/index.php\/wp-json\/wp\/v2\/users\/2"}],"replies":[{"embeddable":true,"href":"http:\/\/www.diarioalbayzinera.com\/index.php\/wp-json\/wp\/v2\/comments?post=3089"}],"version-history":[{"count":4,"href":"http:\/\/www.diarioalbayzinera.com\/index.php\/wp-json\/wp\/v2\/posts\/3089\/revisions"}],"predecessor-version":[{"id":4844,"href":"http:\/\/www.diarioalbayzinera.com\/index.php\/wp-json\/wp\/v2\/posts\/3089\/revisions\/4844"}],"wp:attachment":[{"href":"http:\/\/www.diarioalbayzinera.com\/index.php\/wp-json\/wp\/v2\/media?parent=3089"}],"wp:term":[{"taxonomy":"category","embeddable":true,"href":"http:\/\/www.diarioalbayzinera.com\/index.php\/wp-json\/wp\/v2\/categories?post=3089"},{"taxonomy":"post_tag","embeddable":true,"href":"http:\/\/www.diarioalbayzinera.com\/index.php\/wp-json\/wp\/v2\/tags?post=3089"}],"curies":[{"name":"wp","href":"https:\/\/api.w.org\/{rel}","templated":true}]}}