{"id":3087,"date":"2020-09-22T20:50:00","date_gmt":"2020-09-22T18:50:00","guid":{"rendered":"http:\/\/www.diarioalbayzinera.com\/?p=3087"},"modified":"2023-12-29T10:05:22","modified_gmt":"2023-12-29T09:05:22","slug":"22-septiembre-de-1920-miercoles","status":"publish","type":"post","link":"http:\/\/www.diarioalbayzinera.com\/index.php\/2020\/09\/22\/22-septiembre-de-1920-miercoles\/","title":{"rendered":"22 SEPTIEMBRE DE 1920, MI\u00c9RCOLES"},"content":{"rendered":"\n<figure class=\"wp-block-audio\"><audio controls src=\"http:\/\/www.diarioalbayzinera.com\/wp-content\/uploads\/2020\/09\/22-Septiembre.wav\"><\/audio><figcaption>Narrado por la autora<br>MaRGaRiTa MaR\u00edN<br><br><br><\/figcaption><\/figure>\n\n\n\n<p>Querido Diario:<\/p>\n\n\n\n<p>Ha habido dos atropellos por coche: un hojalatero en la Carrera del Genil y un ni\u00f1o en la Gran V\u00eda, con resultado de erosiones y heridas en ambos casos.<\/p>\n\n\n\n<p>\u00a1Dichosicos automovilistas! \u00a1Si es que van corriendo como la follasca!<\/p>\n\n\n\n<p>Bueno, pues ya se ha reunido por fin la Junta de Sanidad para estudiar el tratamiento que le van a dar a la epidemia tifus en Granada y su provincia. <\/p>\n\n\n\n<p>Y es que nosotros miramos para nuestro barrio de San Idelfonso y nuestro hospital de San L\u00e1zaro que es lo que tenemos cerca, pero nada m\u00e1s que en Motril por ejemplo este verano han muerto 14 personas en Junio, 7 en Julio y 3 en Agosto, existiendo de momento todav\u00eda tres casos que fueron hospitalizados inmediatamente. Y de hecho, han tenido que crear una brigada municipal para despiojar a las personas y sulfatar los locales.<\/p>\n\n\n\n<p>Aqu\u00ed dicen que van a empezar por higienizar las viviendas del barrio de San L\u00e1zaro, que aunque son muchas sus necesidades, hay muchas <em>cosicas<\/em> que se pueden hacer que no suponen tanto gasto. <\/p>\n\n\n\n<p>Pues, claro, \u00a1con agua y jab\u00f3n no hay suciedad! Ya ves t\u00fa la inversi\u00f3n\u2026<\/p>\n\n\n\n<p>As\u00ed que las medidas que se han acordado establecer van a ser:<\/p>\n\n\n\n<p>En primer lugar, recogida diaria de mendigos n\u00f3madas y personas desaseadas que entren en Granada para despiojarlos y desinfectarlos a ellos y sus ropas. Y expulsar a los vagabundos que no sean de la provincia, notificando su llegada a las autoridades respectivas de sus pueblos.<\/p>\n\n\n\n<p>Despu\u00e9s, vigilancia continua de estas zonas que albergan a estos menesterosos para que se mantengan limpias y aseadas sus viviendas. Y que las posadas y casas de dormir que albergan a esta clase de gente, no admitan a nadie sin el certificado de haber sido despiojado y desinfectado.<\/p>\n\n\n\n<p>Los due\u00f1os de traper\u00edas y tiendas de ropa usada no podr\u00e1n circular sus g\u00e9neros sin certificado de desinfecci\u00f3n. Y las familias que oculten la enfermedad ser\u00e1n castigadas y las que denuncien casos, premiadas.<\/p>\n\n\n\n<p>Los m\u00e9dicos deber\u00e1n informar inmediatamente de los casos y sospechas, e interesar a toda la opini\u00f3n en esta lucha contra el tifus.<\/p>\n\n\n\n<p>Y por \u00faltimo, que los coches de servicio p\u00fablico Granada y Motril, Motril y M\u00e1laga y Granada y Chimeneas, sean desinfectados por la propia empresa y a su cuenta. Ya le dir\u00e1n las autoridades&nbsp;c\u00f3mo hacerlo.<\/p>\n\n\n\n<p>Tambi\u00e9n se habl\u00f3 de la lepra y de la necesidad de vacunar y revacunar de la viruela, porque han aparecido algunos casos en Gor y Montefr\u00edo (\u00bfViruela? Se me pone los pelos de punta <em>na\u00b4m\u00e1s<\/em> que pensarlo, <em>mare<\/em> m\u00eda\u2026) Y tambi\u00e9n estuvieron tratando el tema de los expedientes de pensiones para las viudas y los hu\u00e9rfanos de los m\u00e9dicos muertos por la epidemia de gripe, porque, adem\u00e1s de ser de estricta justicia, no puede sufrir m\u00e1s demora el asunto para estas familias.<\/p>\n\n\n\n<p>\u00a1Vamos siempre \u00abtarde, mal y nunca\u00bb&#8230; chiquillo!<\/p>\n\n\n\n<div class=\"wp-block-image is-style-rounded\"><figure class=\"aligncenter size-large is-resized\"><img loading=\"lazy\" decoding=\"async\" src=\"http:\/\/www.diarioalbayzinera.com\/wp-content\/uploads\/2020\/01\/resignacion-1.jpg\" alt=\"\" class=\"wp-image-972\" width=\"100\" height=\"100\" srcset=\"http:\/\/www.diarioalbayzinera.com\/wp-content\/uploads\/2020\/01\/resignacion-1.jpg 398w, http:\/\/www.diarioalbayzinera.com\/wp-content\/uploads\/2020\/01\/resignacion-1-300x300.jpg 300w, http:\/\/www.diarioalbayzinera.com\/wp-content\/uploads\/2020\/01\/resignacion-1-150x150.jpg 150w\" sizes=\"(max-width: 100px) 100vw, 100px\" \/><\/figure><\/div>\n","protected":false},"excerpt":{"rendered":"<p>Querido Diario: Ha habido dos atropellos por coche: un hojalatero en la Carrera del Genil y un ni\u00f1o en la Gran V\u00eda, con resultado de erosiones y heridas en ambos casos. \u00a1Dichosicos automovilistas! \u00a1Si es que van corriendo como la follasca! Bueno, pues ya se ha reunido por fin la Junta de Sanidad para estudiar [&hellip;]<\/p>\n","protected":false},"author":2,"featured_media":0,"comment_status":"open","ping_status":"open","sticky":false,"template":"","format":"standard","meta":{"footnotes":""},"categories":[143],"tags":[49,45,153],"_links":{"self":[{"href":"http:\/\/www.diarioalbayzinera.com\/index.php\/wp-json\/wp\/v2\/posts\/3087"}],"collection":[{"href":"http:\/\/www.diarioalbayzinera.com\/index.php\/wp-json\/wp\/v2\/posts"}],"about":[{"href":"http:\/\/www.diarioalbayzinera.com\/index.php\/wp-json\/wp\/v2\/types\/post"}],"author":[{"embeddable":true,"href":"http:\/\/www.diarioalbayzinera.com\/index.php\/wp-json\/wp\/v2\/users\/2"}],"replies":[{"embeddable":true,"href":"http:\/\/www.diarioalbayzinera.com\/index.php\/wp-json\/wp\/v2\/comments?post=3087"}],"version-history":[{"count":4,"href":"http:\/\/www.diarioalbayzinera.com\/index.php\/wp-json\/wp\/v2\/posts\/3087\/revisions"}],"predecessor-version":[{"id":3111,"href":"http:\/\/www.diarioalbayzinera.com\/index.php\/wp-json\/wp\/v2\/posts\/3087\/revisions\/3111"}],"wp:attachment":[{"href":"http:\/\/www.diarioalbayzinera.com\/index.php\/wp-json\/wp\/v2\/media?parent=3087"}],"wp:term":[{"taxonomy":"category","embeddable":true,"href":"http:\/\/www.diarioalbayzinera.com\/index.php\/wp-json\/wp\/v2\/categories?post=3087"},{"taxonomy":"post_tag","embeddable":true,"href":"http:\/\/www.diarioalbayzinera.com\/index.php\/wp-json\/wp\/v2\/tags?post=3087"}],"curies":[{"name":"wp","href":"https:\/\/api.w.org\/{rel}","templated":true}]}}