{"id":3023,"date":"2020-09-15T20:50:00","date_gmt":"2020-09-15T18:50:00","guid":{"rendered":"http:\/\/www.diarioalbayzinera.com\/?p=3023"},"modified":"2023-12-29T09:21:48","modified_gmt":"2023-12-29T08:21:48","slug":"15-septiembre-de-1920-miercoles","status":"publish","type":"post","link":"http:\/\/www.diarioalbayzinera.com\/index.php\/2020\/09\/15\/15-septiembre-de-1920-miercoles\/","title":{"rendered":"15 SEPTIEMBRE DE 1920, MI\u00c9RCOLES"},"content":{"rendered":"\n<figure class=\"wp-block-audio\"><audio controls src=\"http:\/\/www.diarioalbayzinera.com\/wp-content\/uploads\/2020\/09\/15-Septiembre.wav\"><\/audio><figcaption class=\"wp-element-caption\">Narrado por la autora<br>MaRGaRiTa MaR\u00edN<br><br><br><\/figcaption><\/figure>\n\n\n\n<p>Querido Diario:<\/p>\n\n\n\n<p>(Sexto d\u00eda de Novena a la Virgen)<\/p>\n\n\n\n<p>Hoy vamos a hablar de los colonos del Soto de Roma. <em>Pa&#8217;esto <\/em>le he tenido que pedir ayuda, una vez m\u00e1s, a <em>Papa-Antonio<\/em> que es el que entiende de \u00e1rboles\u2026 Porque no es nada f\u00e1cil el asunto. As\u00ed que:<\/p>\n\n\n\n<p>&#8211;<em>\u00a1Amoh al l\u00edo!<\/em><\/p>\n\n\n\n<p>Por Chauchina, en la vega noroeste del Genil, se encuentra el Soto de Roma que desde \u00e9poca nazar\u00ed era ya utilizado como espacio de caza y recreo por su rica fauna y flora, as\u00ed como por la calidad de sus tierras.<\/p>\n\n\n\n<p>En 1491 los Reyes Cat\u00f3licos lo incorporan al patrimonio real. Y despu\u00e9s, Carlos V le tom\u00f3 mucho aprecio dada su gran afici\u00f3n por la caza, despertando en \u00e9l un gran inter\u00e9s tras pasar all\u00ed unos meses en su Luna de Miel.<\/p>\n\n\n\n<p>Sobre el 1550 como las arcas reales andaban <em>caninas<\/em> y ya hab\u00eda perdido inter\u00e9s cineg\u00e9tico para el monarca, se pens\u00f3 en la posibilidad de venderlo, pero el terreno dispon\u00eda de una masa forestal important\u00edsima para la fabricaci\u00f3n y construcci\u00f3n naval y artillera. Y por este motivo, Felipe II dio marcha atr\u00e1s a la venta y procur\u00f3 mejorar su conservaci\u00f3n.<\/p>\n\n\n\n<p>En fin, a lo largo de los siglos XVII y XVIII el aprovechamiento maderero fue su principal actividad econ\u00f3mica y, con tanto cortar, cortar y cortar sin reponer, su p\u00e9rdida de valor, provoc\u00f3 que Carlos II cediese la administraci\u00f3n del soto a su secretario Ricardo Wall en reconocimiento a sus servicios.<\/p>\n\n\n\n<p>Y en 1813 tras el final de la Guerra de Independencia, el estado liberal don\u00f3 parte del soto al Duque de Wellington en agradecimiento a sus servicios prestados para vencer a las tropas napole\u00f3nicas, y en donde construy\u00f3 su casa-palacio. <\/p>\n\n\n\n<p>(Dicen que es muy curiosa porque mezcla arquitectura de su pa\u00eds con lo que hab\u00eda de la nuestra y al parecer el popurr\u00ed \u00e9ste de estilos tiene su encanto. No te s\u00e9 decir porque no lo he visto)<\/p>\n\n\n\n<p>Total, que finalmente toda esa masa forestal desaparecida dio paso a campos de cultivo agr\u00edcolas que, desde hace m\u00e1s de un siglo, explotan estos colonos del Soto de Roma. \u00a1Que no estamos hablando de 4 gatos! sino de varios millares de campesinos que se reunieron el domingo en la Plaza de Toros para pedir que se respeten sus leg\u00edtimos intereses y demandar justicia.<\/p>\n\n\n\n<p>Pero lo verdaderamente loable de este conglomerado de almas, es que lejos de comportarse como vienen haci\u00e9ndolo en otros lugares del pa\u00eds con exaltaciones m\u00e1s violentas y vehementes, son admirados, por propios y extra\u00f1os, por utilizar en sus planteamientos la serenidad y sensatez que avala la raz\u00f3n, haciendo, si cabe, que sean m\u00e1s justas y fervorosas sus aspiraciones.<\/p>\n\n\n\n<p>En definitiva, los labradores del Soto de Roma han acudido al Duque de Wellington, apelando a su nobleza y como <em>hombre de bien<\/em>, para que desautorice y anule aquellos acuerdos de la administraci\u00f3n que atentan al derecho de los colonos y ordene que se mantenga y respete el estado posesorio creado por el trabajo acumulado por m\u00e1s de 100 a\u00f1os. <\/p>\n\n\n\n<p><em>Vamos<\/em>, que no quieren que les despojen de las tierras fertilizadas con su esfuerzo y reivindican legalmente el derecho de poseerlas.<\/p>\n\n\n\n<p><em>\u00a1D\u00ed t\u00fa que s\u00ed, \u201cLa tierra pa\u2019quien la trabaha\u201d!<\/em><\/p>\n\n\n\n<p>Tanto tener, tanta tierra bald\u00eda que no utilizan <em>pa\u2019n\u00e1<\/em> m\u00e1s que para presumir y que no son capaces ni de pasear, cuando podr\u00eda estar d\u00e1ndonos de comer a todos, ser un medio de subsistencia para muchos y sacar de la miseria a otros tantos.<\/p>\n\n\n\n<p>\u00a1A m\u00ed ya <em>me tienen gan\u00e1h<\/em> estos colonos! (siempre que sigan por el cauce legal, claro\u2026)<\/p>\n\n\n\n<p>Ahora toca ver si los poderes p\u00fablicos ser\u00e1n capaces de resolver este dilema\u2026<\/p>\n\n\n\n<p>Veremos a ver qu\u00e9 pasa con <em>to\u2019esto<\/em>, pero el tema es interesant\u00edsimo, la verdad.<\/p>\n\n\n\n<figure class=\"wp-block-embed is-type-video is-provider-youtube wp-block-embed-youtube wp-embed-aspect-16-9 wp-has-aspect-ratio\"><div class=\"wp-block-embed__wrapper\">\n<iframe loading=\"lazy\" title=\"El Soto de Roma\" width=\"600\" height=\"338\" src=\"https:\/\/www.youtube.com\/embed\/r3SKWV_Ujjs?feature=oembed\" frameborder=\"0\" allow=\"accelerometer; autoplay; clipboard-write; encrypted-media; gyroscope; picture-in-picture; web-share\" allowfullscreen><\/iframe>\n<\/div><\/figure>\n","protected":false},"excerpt":{"rendered":"<p>Querido Diario: (Sexto d\u00eda de Novena a la Virgen) Hoy vamos a hablar de los colonos del Soto de Roma. Pa&#8217;esto le he tenido que pedir ayuda, una vez m\u00e1s, a Papa-Antonio que es el que entiende de \u00e1rboles\u2026 Porque no es nada f\u00e1cil el asunto. As\u00ed que: &#8211;\u00a1Amoh al l\u00edo! Por Chauchina, en la [&hellip;]<\/p>\n","protected":false},"author":2,"featured_media":0,"comment_status":"open","ping_status":"open","sticky":false,"template":"","format":"standard","meta":{"footnotes":""},"categories":[143],"tags":[53,45,46,153,120],"_links":{"self":[{"href":"http:\/\/www.diarioalbayzinera.com\/index.php\/wp-json\/wp\/v2\/posts\/3023"}],"collection":[{"href":"http:\/\/www.diarioalbayzinera.com\/index.php\/wp-json\/wp\/v2\/posts"}],"about":[{"href":"http:\/\/www.diarioalbayzinera.com\/index.php\/wp-json\/wp\/v2\/types\/post"}],"author":[{"embeddable":true,"href":"http:\/\/www.diarioalbayzinera.com\/index.php\/wp-json\/wp\/v2\/users\/2"}],"replies":[{"embeddable":true,"href":"http:\/\/www.diarioalbayzinera.com\/index.php\/wp-json\/wp\/v2\/comments?post=3023"}],"version-history":[{"count":6,"href":"http:\/\/www.diarioalbayzinera.com\/index.php\/wp-json\/wp\/v2\/posts\/3023\/revisions"}],"predecessor-version":[{"id":4836,"href":"http:\/\/www.diarioalbayzinera.com\/index.php\/wp-json\/wp\/v2\/posts\/3023\/revisions\/4836"}],"wp:attachment":[{"href":"http:\/\/www.diarioalbayzinera.com\/index.php\/wp-json\/wp\/v2\/media?parent=3023"}],"wp:term":[{"taxonomy":"category","embeddable":true,"href":"http:\/\/www.diarioalbayzinera.com\/index.php\/wp-json\/wp\/v2\/categories?post=3023"},{"taxonomy":"post_tag","embeddable":true,"href":"http:\/\/www.diarioalbayzinera.com\/index.php\/wp-json\/wp\/v2\/tags?post=3023"}],"curies":[{"name":"wp","href":"https:\/\/api.w.org\/{rel}","templated":true}]}}