{"id":2851,"date":"2020-08-30T20:50:00","date_gmt":"2020-08-30T18:50:00","guid":{"rendered":"http:\/\/www.diarioalbayzinera.com\/?p=2851"},"modified":"2023-12-27T13:48:26","modified_gmt":"2023-12-27T12:48:26","slug":"30-agosto-de-1920-lunes","status":"publish","type":"post","link":"http:\/\/www.diarioalbayzinera.com\/index.php\/2020\/08\/30\/30-agosto-de-1920-lunes\/","title":{"rendered":"30 AGOSTO DE 1920, LUNES"},"content":{"rendered":"\n<figure class=\"wp-block-audio\"><audio controls src=\"http:\/\/www.diarioalbayzinera.com\/wp-content\/uploads\/2020\/08\/30-Agosto.wav\"><\/audio><figcaption class=\"wp-element-caption\">Narrado por la autora<br>MaRGaRiTa MaR\u00edN<br><br><br><\/figcaption><\/figure>\n\n\n\n<p>Querido Diario:<\/p>\n\n\n\n<p>Dimiti\u00f3 el Sr. Bergam\u00edn, debe ser que en estos d\u00edas de asueto se ha dado cuenta de que vive mejor de vacaciones\u2026 Anda que\u2026 Otra crisis pol\u00edtica nacional: \u00bfQu\u00e9 va a pasar? \u00bfSe disolver\u00e1n las Cortes? \u00bfHabr\u00e1 nuevas elecciones para primero de a\u00f1o pr\u00f3ximo? \u00a1Esto es <em>un sinvivir<\/em> cont\u00ednuo!<\/p>\n\n\n\n<p>Hoy al final de la tarde, cuando ya cerr\u00f3 la botica, vino Manol\u00edn a <em>ca\u2019l <\/em>primo a echar un rato antes de irse a cenar. Paquito, a pesar de lo que estuvimos hablando el otro d\u00eda, <em>por su cuenta y riesgo<\/em>, nos ha dejado solos a Manol\u00edn y a m\u00ed un rato, mientras charl\u00e1bamos comiendo pipas tostadas en las escaleras. Y ya que est\u00e1bamos he aprovechado para hacerle una consulta profesional que hace d\u00edas me viene rondando la cabeza:<\/p>\n\n\n\n<p>&#8211;<em>\u00bfY en la botica no ten\u00e9is alguna cremica, ung\u00fcento o jab\u00f3n para borrar las cicatrices?<\/em><\/p>\n\n\n\n<p>&#8211;<em>\u00bfQu\u00e9 cicatrices te quieres borrar?<\/em>&#8211; me pregunta sorprendido.<\/p>\n\n\n\n<p>&#8211; <em>Las de mi cara.<\/em><\/p>\n\n\n\n<p>Se acerca para examinarlas con m\u00e1s precisi\u00f3n y me suelta:<\/p>\n\n\n\n<p>&#8211;<em>\u00bfTe refieres a esos agujeritos?<\/em><\/p>\n\n\n\n<p>&#8211;<em>S\u00ed, son de cu\u00e1ndo tuve viruela de chica.<\/em><\/p>\n\n\n\n<p>&#8211;<em>Pero si no se te notan nada, si parecen pequitas<\/em>.<\/p>\n\n\n\n<p>&#8211;<em>\u00a1S\u00ed se notan!<\/em><\/p>\n\n\n\n<p>&#8211;<em>\u00a1Nah! \u00a1Y ya te guardaras de quit\u00e1rtelas!<\/em><\/p>\n\n\n\n<p>&#8211; <em>\u00bfPor qu\u00e9?<\/em>&#8211; le pregunt\u00e9 asustada- <em>Bueno, s\u00ed<\/em>&#8211; ya ca\u00ed &#8211; <em>me han dicho en alguna ocasi\u00f3n que los m\u00e9todos qu\u00edmicos que utilizan para esto suelen ser muy abrasivos y puede ser peor el remedio que la enfermedad\u2026<\/em><\/p>\n\n\n\n<p>&#8211; <em>Cierto, pero no es por eso. Es simplemente porque ya eres preciosa as\u00ed. Preciosa y \u00fanica<\/em>&#8211; traspuesta me ha <em>dejao<\/em>, y para concluir me dice- <em>\u00bfQuieres m\u00e1s pipas?<\/em><\/p>\n\n\n\n<p>\u00a1T\u00edo canalla! Y ahora me cierra la conversaci\u00f3n c\u00f3mo si le <em>importara un pito<\/em> lo que le estoy diciendo y lo que me ha dicho.<\/p>\n\n\n\n<p>Pues ya, hasta que ha vuelto el primo, he estado <em>sose\u00eda<\/em> royendo pipas, sin articular palabra alguna, mientras Manol\u00edn me contaba no s\u00e9 qu\u00e9 de una clienta que hab\u00eda ido hoy pidiendo no s\u00e9 qu\u00e9 pastillas para no s\u00e9 qu\u00e9 dolencia\u2026 <em>\u00a1Yo qu\u00e9 s\u00e9 qu\u00e9 me ha contao!<\/em><\/p>\n\n\n\n<p>A lo mejor tiene raz\u00f3n y lo de las cicatrices no tiene tanta importancia como yo creo pero lo de \u201cpreciosa y \u00fanica\u201d me ha <em>dejao muerta, mor\u00eda y mat\u00e1h, vamos.<\/em><\/p>\n\n\n\n<p>\u00bfPuede ser posible que yo le resulte bonita a Manol\u00edn?<\/p>\n\n\n\n<p><em>\u00a1Anda ya! \u00a1eso no pu\u00e9\u2019s\u00e9h!<\/em><\/p>\n\n\n\n<p>Seguramente s\u00f3lo haya querido ser amable para aliviar mi preocupaci\u00f3n como hacen los buenos amigos. No puede haber otra explicaci\u00f3n, a no ser que se haya vuelto loco, ciego o algo as\u00ed\u2026<\/p>\n\n\n<div class=\"wp-block-image\">\n<figure class=\"aligncenter size-large is-resized\"><img loading=\"lazy\" decoding=\"async\" width=\"634\" height=\"1024\" src=\"http:\/\/www.diarioalbayzinera.com\/wp-content\/uploads\/2020\/08\/20191214_142653-1-634x1024.jpg\" alt=\"\" class=\"wp-image-2852\" style=\"width:159px;height:256px\" srcset=\"http:\/\/www.diarioalbayzinera.com\/wp-content\/uploads\/2020\/08\/20191214_142653-1-634x1024.jpg 634w, http:\/\/www.diarioalbayzinera.com\/wp-content\/uploads\/2020\/08\/20191214_142653-1-186x300.jpg 186w, http:\/\/www.diarioalbayzinera.com\/wp-content\/uploads\/2020\/08\/20191214_142653-1-768x1241.jpg 768w, http:\/\/www.diarioalbayzinera.com\/wp-content\/uploads\/2020\/08\/20191214_142653-1-950x1536.jpg 950w, http:\/\/www.diarioalbayzinera.com\/wp-content\/uploads\/2020\/08\/20191214_142653-1-1267x2048.jpg 1267w, http:\/\/www.diarioalbayzinera.com\/wp-content\/uploads\/2020\/08\/20191214_142653-1-1240x2004.jpg 1240w, http:\/\/www.diarioalbayzinera.com\/wp-content\/uploads\/2020\/08\/20191214_142653-1-508x821.jpg 508w, http:\/\/www.diarioalbayzinera.com\/wp-content\/uploads\/2020\/08\/20191214_142653-1-scaled.jpg 1584w\" sizes=\"(max-width: 634px) 100vw, 634px\" \/><figcaption class=\"wp-element-caption\">Conchita Cuesta \u00abFotomat\u00f3n\u00bb<\/figcaption><\/figure><\/div>","protected":false},"excerpt":{"rendered":"<p>Querido Diario: Dimiti\u00f3 el Sr. Bergam\u00edn, debe ser que en estos d\u00edas de asueto se ha dado cuenta de que vive mejor de vacaciones\u2026 Anda que\u2026 Otra crisis pol\u00edtica nacional: \u00bfQu\u00e9 va a pasar? \u00bfSe disolver\u00e1n las Cortes? \u00bfHabr\u00e1 nuevas elecciones para primero de a\u00f1o pr\u00f3ximo? \u00a1Esto es un sinvivir cont\u00ednuo! Hoy al final de [&hellip;]<\/p>\n","protected":false},"author":2,"featured_media":0,"comment_status":"open","ping_status":"open","sticky":false,"template":"","format":"standard","meta":{"footnotes":""},"categories":[145],"tags":[150,64,46],"_links":{"self":[{"href":"http:\/\/www.diarioalbayzinera.com\/index.php\/wp-json\/wp\/v2\/posts\/2851"}],"collection":[{"href":"http:\/\/www.diarioalbayzinera.com\/index.php\/wp-json\/wp\/v2\/posts"}],"about":[{"href":"http:\/\/www.diarioalbayzinera.com\/index.php\/wp-json\/wp\/v2\/types\/post"}],"author":[{"embeddable":true,"href":"http:\/\/www.diarioalbayzinera.com\/index.php\/wp-json\/wp\/v2\/users\/2"}],"replies":[{"embeddable":true,"href":"http:\/\/www.diarioalbayzinera.com\/index.php\/wp-json\/wp\/v2\/comments?post=2851"}],"version-history":[{"count":5,"href":"http:\/\/www.diarioalbayzinera.com\/index.php\/wp-json\/wp\/v2\/posts\/2851\/revisions"}],"predecessor-version":[{"id":4814,"href":"http:\/\/www.diarioalbayzinera.com\/index.php\/wp-json\/wp\/v2\/posts\/2851\/revisions\/4814"}],"wp:attachment":[{"href":"http:\/\/www.diarioalbayzinera.com\/index.php\/wp-json\/wp\/v2\/media?parent=2851"}],"wp:term":[{"taxonomy":"category","embeddable":true,"href":"http:\/\/www.diarioalbayzinera.com\/index.php\/wp-json\/wp\/v2\/categories?post=2851"},{"taxonomy":"post_tag","embeddable":true,"href":"http:\/\/www.diarioalbayzinera.com\/index.php\/wp-json\/wp\/v2\/tags?post=2851"}],"curies":[{"name":"wp","href":"https:\/\/api.w.org\/{rel}","templated":true}]}}