{"id":2848,"date":"2020-08-29T20:50:00","date_gmt":"2020-08-29T18:50:00","guid":{"rendered":"http:\/\/www.diarioalbayzinera.com\/?p=2848"},"modified":"2023-12-27T13:39:10","modified_gmt":"2023-12-27T12:39:10","slug":"29-agosto-de-1920-domingo","status":"publish","type":"post","link":"http:\/\/www.diarioalbayzinera.com\/index.php\/2020\/08\/29\/29-agosto-de-1920-domingo\/","title":{"rendered":"29 AGOSTO DE 1920, DOMINGO"},"content":{"rendered":"\n<figure class=\"wp-block-audio\"><audio controls src=\"http:\/\/www.diarioalbayzinera.com\/wp-content\/uploads\/2020\/08\/29-Agosto.wav\"><\/audio><figcaption class=\"wp-element-caption\">Narrado por la autora<br>MaRGaRiTa MaR\u00edN<br><br><br><\/figcaption><\/figure>\n\n\n\n<p>Querido Diario:<\/p>\n\n\n\n<p>Cuando and\u00e1bamos felices porque al parecer el Consistorio se ha animado con el tema del ensanche de Reyes Cat\u00f3licos y ya se han puesto manos a la obra para estudiarlo y planificarlo, recibimos otro mazazo,<em> \u00a1y de los gordos!<\/em>:<\/p>\n\n\n\n<p>La Compa\u00f1\u00eda de ferrocarriles Andaluces ha suprimido todos los trenes expresos y mixtos, precisamente ahora que hab\u00edamos manifestado la aspiraci\u00f3n de que se restablecieran aquellos trenes que fueron suprimidos con motivo de las perturbaciones y conflictos mundiales.<\/p>\n\n\n\n<p><em>Nuestro gozo en un pozo.<\/em><\/p>\n\n\n\n<p>Quer\u00edamos tener comunicaciones f\u00e1ciles y r\u00e1pidas con la capital para estrechar v\u00ednculos con otras regiones para mejorar las riquezas derivadas del comercio, la industria y el turismo, y no s\u00f3lo no lo hemos conseguido, sino que nos asestan un golpe mortal con la supresi\u00f3n de expresos y mixtos imprescindibles para el funcionamiento de las mejores actividades de nuestra poblaci\u00f3n. Total, que con este acuerdo lo que pretenden es que s\u00f3lo dispongamos de un modest\u00edsimo tren de correos.<\/p>\n\n\n\n<p><em>\u00a1La ruina de las ruinas!<\/em><\/p>\n\n\n\n<p><em>\u00a1Mare m\u00eda, mare m\u00eda, as\u00ed no hay quien levante cabeza!<\/em><\/p>\n\n\n\n<p>Ya est\u00e1n las fuerzas vivas de Granada moviliz\u00e1ndose para reclamar ante Poder p\u00fablico contra el acuerdo de la Compa\u00f1\u00eda. Un Poder p\u00fablico, que dicho sea de paso, no se explica su pasividad e incapacidad de gobierno porque el problema ferroviario continua latente, d\u00eda a d\u00eda, sin que los gobernantes se lancen a solucionar nada.<\/p>\n\n\n\n<p>El problema es grav\u00edsimo.<\/p>\n\n\n\n<p><em>\u00a1Chico atropello!<\/em><\/p>\n\n\n\n<p><em>\u00a1Men\u00faa man\u00e1h de\u2026!<\/em><\/p>\n\n\n\n<p>Dato ya ha dicho, ante los numeros\u00edsimos telegramas que ha recibido, que ciertamente ser\u00eda el <em>acabose<\/em> y que hablar\u00eda con el ministro de Fomento. Habr\u00e1 que ver si no se queda todo en palabrer\u00eda pero las demoras de ayer son la ruina de hoy y una amenaza terrible para el ma\u00f1ana.<\/p>\n\n\n\n<p>\u00a1Esto no se puede consentir, <em>de ninguna de las maneras<\/em>!<\/p>\n\n\n\n<p>\u00a1Pues ah\u00ed estaremos los <em>grana\u00ednos<\/em> para alzar nuestra voz!<\/p>\n\n\n\n<p>Habr\u00e1 que estar al tanto de las movilizaciones para sumarse y protestar con m\u00e1s fuerza. No queda otra.<\/p>\n\n\n\n<p>De verdad que\u2026<em> \u00a1ponemos un circo y nos crecen los enanos!<\/em><\/p>\n\n\n<div class=\"wp-block-image is-style-rounded\">\n<figure class=\"aligncenter size-large is-resized\"><img loading=\"lazy\" decoding=\"async\" width=\"398\" height=\"398\" src=\"http:\/\/www.diarioalbayzinera.com\/wp-content\/uploads\/2020\/01\/peinadoII-1.jpg\" alt=\"\" class=\"wp-image-875\" style=\"width:100px;height:100px\" srcset=\"http:\/\/www.diarioalbayzinera.com\/wp-content\/uploads\/2020\/01\/peinadoII-1.jpg 398w, http:\/\/www.diarioalbayzinera.com\/wp-content\/uploads\/2020\/01\/peinadoII-1-300x300.jpg 300w, http:\/\/www.diarioalbayzinera.com\/wp-content\/uploads\/2020\/01\/peinadoII-1-150x150.jpg 150w\" sizes=\"(max-width: 398px) 100vw, 398px\" \/><\/figure><\/div>","protected":false},"excerpt":{"rendered":"<p>Querido Diario: Cuando and\u00e1bamos felices porque al parecer el Consistorio se ha animado con el tema del ensanche de Reyes Cat\u00f3licos y ya se han puesto manos a la obra para estudiarlo y planificarlo, recibimos otro mazazo, \u00a1y de los gordos!: La Compa\u00f1\u00eda de ferrocarriles Andaluces ha suprimido todos los trenes expresos y mixtos, precisamente [&hellip;]<\/p>\n","protected":false},"author":2,"featured_media":0,"comment_status":"open","ping_status":"open","sticky":false,"template":"","format":"standard","meta":{"footnotes":""},"categories":[145],"tags":[150,32,121,60,89],"_links":{"self":[{"href":"http:\/\/www.diarioalbayzinera.com\/index.php\/wp-json\/wp\/v2\/posts\/2848"}],"collection":[{"href":"http:\/\/www.diarioalbayzinera.com\/index.php\/wp-json\/wp\/v2\/posts"}],"about":[{"href":"http:\/\/www.diarioalbayzinera.com\/index.php\/wp-json\/wp\/v2\/types\/post"}],"author":[{"embeddable":true,"href":"http:\/\/www.diarioalbayzinera.com\/index.php\/wp-json\/wp\/v2\/users\/2"}],"replies":[{"embeddable":true,"href":"http:\/\/www.diarioalbayzinera.com\/index.php\/wp-json\/wp\/v2\/comments?post=2848"}],"version-history":[{"count":4,"href":"http:\/\/www.diarioalbayzinera.com\/index.php\/wp-json\/wp\/v2\/posts\/2848\/revisions"}],"predecessor-version":[{"id":4812,"href":"http:\/\/www.diarioalbayzinera.com\/index.php\/wp-json\/wp\/v2\/posts\/2848\/revisions\/4812"}],"wp:attachment":[{"href":"http:\/\/www.diarioalbayzinera.com\/index.php\/wp-json\/wp\/v2\/media?parent=2848"}],"wp:term":[{"taxonomy":"category","embeddable":true,"href":"http:\/\/www.diarioalbayzinera.com\/index.php\/wp-json\/wp\/v2\/categories?post=2848"},{"taxonomy":"post_tag","embeddable":true,"href":"http:\/\/www.diarioalbayzinera.com\/index.php\/wp-json\/wp\/v2\/tags?post=2848"}],"curies":[{"name":"wp","href":"https:\/\/api.w.org\/{rel}","templated":true}]}}