{"id":2809,"date":"2020-08-20T20:50:00","date_gmt":"2020-08-20T18:50:00","guid":{"rendered":"http:\/\/www.diarioalbayzinera.com\/?p=2809"},"modified":"2023-12-27T11:32:28","modified_gmt":"2023-12-27T10:32:28","slug":"20-agosto-de-1920-viernes","status":"publish","type":"post","link":"http:\/\/www.diarioalbayzinera.com\/index.php\/2020\/08\/20\/20-agosto-de-1920-viernes\/","title":{"rendered":"20 AGOSTO DE 1920, VIERNES"},"content":{"rendered":"\n<figure class=\"wp-block-audio\"><audio controls src=\"http:\/\/www.diarioalbayzinera.com\/wp-content\/uploads\/2020\/08\/20-Agosto.wav\"><\/audio><figcaption class=\"wp-element-caption\">Narrado por la autora<br>MaRGaRiTa MaR\u00edN<br><br><br><\/figcaption><\/figure>\n\n\n\n<p>Querido Diario:<\/p>\n\n\n\n<p><em>\u00a1De t\u00f3 se entera una, chiquillo!<\/em> <\/p>\n\n\n\n<p>El ebanista enamorado aquel que dijeron que se hab\u00eda liado a tiros en la calle Arandas hace unos cinco meses (<a href=\"http:\/\/www.diarioalbayzinera.com\/wp-admin\/post.php?post=1367&amp;action=edit\">http:\/\/www.diarioalbayzinera.com\/wp-admin\/post.php?post=1367&amp;action=edit<\/a>) la ha vuelto a liar<em>, pero bien<\/em>, ayer por la tarde, a cosa de las ocho y media\u2026<\/p>\n\n\n\n<p>Anda que\u2026<\/p>\n\n\n\n<p>Resulta que en esta calle vive una agraciada se\u00f1orita, hija de familia&#8217;bien, novia, tambi\u00e9n, del aristocr\u00e1tico D. Miguel Rodr\u00edguez Acosta (L\u00f3pez Nu\u00f1o) que desde hace ya tiempo ven\u00eda recibiendo amenazas del ebanista (Rafael Rodr\u00edguez) porque, <em>por tripillas<\/em>, quiere <em>ponerse en relaciones<\/em> con la muchacha. No s\u00f3lo importunando a la chiquilla constantemente, sino montando alborotos <em>cada dos por tres<\/em>.<\/p>\n\n\n\n<p>La familia, atemorizada y violentada ya de m\u00e1s con el <em>chalao<\/em>, en repetidas ocasiones, puso en conocimiento de la autoridad el acoso y agresividad que ven\u00edan recibiendo del<em> Loco\u2019Pitres \u00e9ste<\/em>.<\/p>\n\n\n\n<p>Desde aqu\u00ed se dieron estrictas \u00f3rdenes&nbsp; a Polic\u00eda y Seguridad de que mantuvieran la zona vigilada y ahuyentaran al desequilibrado ebanista de su calle y alrededores. Pero hace cinco meses, estando D. Miguel <em>pelando la pava<\/em> con su novia en la reja, como mandan los c\u00e1nones, apareci\u00f3 el <em>chiflao, <\/em>una vez m\u00e1s, con la cantinela de que no pod\u00eda tener m\u00e1s novio que \u00e9l y se li\u00f3 a golpes con el joven gal\u00e1n, teniendo el muchacho que sacar su rev\u00f3lver y lanzar disparos al aire para quit\u00e1rselo de encima.<\/p>\n\n\n\n<p>(F\u00edjate que un principio lo que se dijo es que quien sac\u00f3 la pistola fue el ebanista\u2026 Pues no, fue el pretendiente para espantarlo. Pero,<em> vamos,<\/em> <em>lo mismo da que da lo mismo<\/em>\u2026 porque no lo hace menos mala bestia al man\u00edaco carpintero)<\/p>\n\n\n\n<p>Hace dos d\u00edas, por lo visto, se fue a la iglesia de San Justo y Pastor a esperar a la muchacha a que saliera de misa, pero la avisaron de que estaba all\u00ed y \u00e9sta a su vez, escap\u00f3 para ponerse a salvo y dio aviso a la polic\u00eda tambi\u00e9n. Al llegar los guardias a la iglesia, el loco sali\u00f3 corriendo huyendo, y se mont\u00f3 tal escandalera que la gente se pensaba que se trataba de un anarquista, creando el p\u00e1nico entre los transe\u00fantes.<\/p>\n\n\n\n<p>En fin, que ayer, D. Miguel, estando cortejando a su amada por la reja, un d\u00eda m\u00e1s, apareci\u00f3 el ebanista con un form\u00f3n y lo agredi\u00f3 por la espalda. El Sr. Rodr\u00edguez Acosta, a\u00fan herido comenz\u00f3 a luchar con el orate, mientras \u00e9ste m\u00e1s <em>viajes<\/em> le asestaba con su pu\u00f1al improvisado. Lucharon, lucharon, y el muchacho finalmente pudo arrebatarle el form\u00f3n, momento en el que el otro sali\u00f3 huyendo velozmente como quien ve al Diablo, dej\u00e1ndose hasta el sombrero abandonado en el lugar.<\/p>\n\n\n\n<p>El chiquillo, herido, se fue directamente al Gobernador Civil a contarle lo sucedido, y el Sr. Canga-Arg\u00fcelles mand\u00f3 llamar a la <em>Casa&#8217;Socorro<\/em> para que se acercara alg\u00fan galeno a la calle Duquesa a atender al lastimado novio all\u00ed mismo, quien se llev\u00f3 varios cortes pero pudo sobrevivir al ataque.<\/p>\n\n\n\n<p>Dicen que <em>la suerte de la fea, la guapa la desea<\/em> pero \u00a1ya me dir\u00e1s t\u00fa qu\u00e9 culpa tendr\u00e1 la chiquilla de que un loco se obsesione con ella!<\/p>\n\n\n<div class=\"wp-block-image\">\n<figure class=\"aligncenter is-resized\"><img decoding=\"async\" src=\"http:\/\/www.diarioalbayzinera.com\/wp-content\/uploads\/2020\/08\/UniversidadGranada.jpg\" alt=\"La imagen tiene un atributo ALT vac\u00edo; su nombre de archivo es UniversidadGranada.jpg\" style=\"width:350px;height:263px\"\/><figcaption class=\"wp-element-caption\"><br>En la Facultad de Derecho de la UGR, en el patio que da a la calle Duquesa, de posterior construcci\u00f3n, a lo largo de su historia, ha albergado dependencias militares, la Diputaci\u00f3n Provincial de Granada, el Gobierno Civil (como se hace referencia en esta entrega), un campo de concentraci\u00f3n de prisioneros republicanos en la Guerra Civil y la Facultad de Ciencias.<br>Fuente: Wikipedia<br>M\u00e1s por curiosidad a la alusi\u00f3n que como referencia hist\u00f3rica para la comprensi\u00f3n este Diario, puedes saber m\u00e1s sobre sobre este llamado \u00abepicentro del terror\u00bb en el que se convirti\u00f3 el emblem\u00e1tico edificio, 16 a\u00f1os despu\u00e9s de nuestro contexto (1920), al estallar la Guerra Civil Espa\u00f1ola (1936): <a href=\"https:\/\/www.ideal.es\/culturas\/ultima-habitacion-lorca-despacho-epicentro-terror-franquista-granada-20190730210935-nt.html\">https:\/\/www.ideal.es\/culturas\/ultima-habitacion-lorca-despacho-epicentro-terror-franquista-granada-20190730210935-nt.html<\/a><\/figcaption><\/figure><\/div>\n\n\n<p><\/p>\n","protected":false},"excerpt":{"rendered":"<p>Querido Diario: \u00a1De t\u00f3 se entera una, chiquillo! El ebanista enamorado aquel que dijeron que se hab\u00eda liado a tiros en la calle Arandas hace unos cinco meses (http:\/\/www.diarioalbayzinera.com\/wp-admin\/post.php?post=1367&amp;action=edit) la ha vuelto a liar, pero bien, ayer por la tarde, a cosa de las ocho y media\u2026 Anda que\u2026 Resulta que en esta calle vive [&hellip;]<\/p>\n","protected":false},"author":2,"featured_media":0,"comment_status":"open","ping_status":"open","sticky":false,"template":"","format":"standard","meta":{"footnotes":""},"categories":[145],"tags":[150,80,118],"_links":{"self":[{"href":"http:\/\/www.diarioalbayzinera.com\/index.php\/wp-json\/wp\/v2\/posts\/2809"}],"collection":[{"href":"http:\/\/www.diarioalbayzinera.com\/index.php\/wp-json\/wp\/v2\/posts"}],"about":[{"href":"http:\/\/www.diarioalbayzinera.com\/index.php\/wp-json\/wp\/v2\/types\/post"}],"author":[{"embeddable":true,"href":"http:\/\/www.diarioalbayzinera.com\/index.php\/wp-json\/wp\/v2\/users\/2"}],"replies":[{"embeddable":true,"href":"http:\/\/www.diarioalbayzinera.com\/index.php\/wp-json\/wp\/v2\/comments?post=2809"}],"version-history":[{"count":3,"href":"http:\/\/www.diarioalbayzinera.com\/index.php\/wp-json\/wp\/v2\/posts\/2809\/revisions"}],"predecessor-version":[{"id":4798,"href":"http:\/\/www.diarioalbayzinera.com\/index.php\/wp-json\/wp\/v2\/posts\/2809\/revisions\/4798"}],"wp:attachment":[{"href":"http:\/\/www.diarioalbayzinera.com\/index.php\/wp-json\/wp\/v2\/media?parent=2809"}],"wp:term":[{"taxonomy":"category","embeddable":true,"href":"http:\/\/www.diarioalbayzinera.com\/index.php\/wp-json\/wp\/v2\/categories?post=2809"},{"taxonomy":"post_tag","embeddable":true,"href":"http:\/\/www.diarioalbayzinera.com\/index.php\/wp-json\/wp\/v2\/tags?post=2809"}],"curies":[{"name":"wp","href":"https:\/\/api.w.org\/{rel}","templated":true}]}}