{"id":2522,"date":"2020-07-21T20:50:00","date_gmt":"2020-07-21T18:50:00","guid":{"rendered":"http:\/\/www.diarioalbayzinera.com\/?p=2522"},"modified":"2023-12-26T18:40:34","modified_gmt":"2023-12-26T17:40:34","slug":"21-julio-de-1920-miercoles","status":"publish","type":"post","link":"http:\/\/www.diarioalbayzinera.com\/index.php\/2020\/07\/21\/21-julio-de-1920-miercoles\/","title":{"rendered":"21 JULIO DE 1920, MI\u00c9RCOLES"},"content":{"rendered":"\n<figure class=\"wp-block-audio\"><audio controls src=\"http:\/\/www.diarioalbayzinera.com\/wp-content\/uploads\/2020\/07\/21-Julio.wav\"><\/audio><figcaption class=\"wp-element-caption\">Narrado por la autora<br>MaRGaRiTa MaR\u00edN<br><br><br><\/figcaption><\/figure>\n\n\n\n<p>Querido Diario:<\/p>\n\n\n\n<p>(San Daniel, pero hoy no v\u00ed a mi amigo<em> er Dani\u00e9h<\/em> de la calle Guinea y no pude fecilitarle. Todav\u00eda no ha <em>acabao er<\/em> d\u00eda. Veremos a ver&#8230;)<\/p>\n\n\n\n<p>Hablaban en el peri\u00f3dico de ayer del Carril de la Lona, que siendo uno de los puntos de la ciudad con m\u00e1s bonitas vistas hacia la Vega de Granada y uno de los caminos que se utilizan para acceder al Albayz\u00edn en coche, tanto los turistas como las personas que habitan en el barrio, parece mentira el estado en el que se encuentra actualmente, intransitable. Y ya, que si tuvieran a gracia arreglarlo y urbanizarlo, a ver si construyeran tambi\u00e9n un muro para evitar posibles desgracias.<\/p>\n\n\n\n<p><em>\u00a1Estamos arreglaos!<\/em> \u00a1Si aqu\u00ed no arregla nadie <em>n\u00e1<\/em>!<\/p>\n\n\n\n<p>El que quiera venir al Albayz\u00edn que se venga en alpargatas, que ahora est\u00e1n tan de moda, y ya, si eso, que se ponga los tacones en la calle Elvira como hacemos las albaicineras.<\/p>\n\n\n\n<p>Aqu\u00ed para que las cosas funcionen algo tiene que ser todo a base de quejas en el peri\u00f3dico. Los vecinos del Peso de la Harina, del Camino del Monte y dem\u00e1s consumidores del agua de ese aljibe, mandaron un escrito a<em> El Defensor<\/em> y parece que ha sido mano de santo para curarle milagrosamente ese padecimiento que dec\u00eda tener el ca\u00f1ero y &nbsp;que a los dos d\u00edas ya estuviera el aljibe lleno.<\/p>\n\n\n\n<p>\u00a1No me digas t\u00fa, en pleno verano dejarnos sin agua! Y siendo un derecho p\u00fablico como es \u00bfa qu\u00e9 tienen que estar los vecinos mendigando lo que es suyo?<\/p>\n\n\n\n<p>Si es llenarlo cada domingo y ya est\u00e1. Si no piden m\u00e1s.<\/p>\n\n\n\n<p><em>\u00a1Qu\u00e9 trabajico, mare!<\/em> Si cada uno hiciera lo que tiene que hacer <em>otro gallo nos cantar\u00eda<\/em>. Pero no, aqu\u00ed parece que todo tiene que ser a rega\u00f1adientes para que las cosas funcionen m\u00ednimamente.<\/p>\n\n\n\n<p>(Por cierto, hoy trae el peri\u00f3dico seis p\u00e1ginas en vez de cuatro como siempre, no s\u00e9 por qu\u00e9. Con los cambios estos nuevos de la normativa para publicar todav\u00eda no me entero. Si ma\u00f1ana no es d\u00eda de fiesta&#8230; \u00a1yo qu\u00e9 s\u00e9! \u00a1Ellos sabr\u00e1n!)<\/p>\n\n\n<div class=\"wp-block-image\">\n<figure class=\"aligncenter size-large\"><img loading=\"lazy\" decoding=\"async\" width=\"273\" height=\"185\" src=\"http:\/\/www.diarioalbayzinera.com\/wp-content\/uploads\/2020\/07\/carril-de-la-lona.jpg\" alt=\"\" class=\"wp-image-2523\"\/><figcaption class=\"wp-element-caption\">Carril de la Lona<\/figcaption><\/figure><\/div>","protected":false},"excerpt":{"rendered":"<p>Querido Diario: (San Daniel, pero hoy no v\u00ed a mi amigo er Dani\u00e9h de la calle Guinea y no pude fecilitarle. Todav\u00eda no ha acabao er d\u00eda. Veremos a ver&#8230;) Hablaban en el peri\u00f3dico de ayer del Carril de la Lona, que siendo uno de los puntos de la ciudad con m\u00e1s bonitas vistas hacia [&hellip;]<\/p>\n","protected":false},"author":2,"featured_media":0,"comment_status":"open","ping_status":"open","sticky":false,"template":"","format":"standard","meta":{"footnotes":""},"categories":[144],"tags":[91,73,88,27,146,129,47,66],"_links":{"self":[{"href":"http:\/\/www.diarioalbayzinera.com\/index.php\/wp-json\/wp\/v2\/posts\/2522"}],"collection":[{"href":"http:\/\/www.diarioalbayzinera.com\/index.php\/wp-json\/wp\/v2\/posts"}],"about":[{"href":"http:\/\/www.diarioalbayzinera.com\/index.php\/wp-json\/wp\/v2\/types\/post"}],"author":[{"embeddable":true,"href":"http:\/\/www.diarioalbayzinera.com\/index.php\/wp-json\/wp\/v2\/users\/2"}],"replies":[{"embeddable":true,"href":"http:\/\/www.diarioalbayzinera.com\/index.php\/wp-json\/wp\/v2\/comments?post=2522"}],"version-history":[{"count":5,"href":"http:\/\/www.diarioalbayzinera.com\/index.php\/wp-json\/wp\/v2\/posts\/2522\/revisions"}],"predecessor-version":[{"id":4753,"href":"http:\/\/www.diarioalbayzinera.com\/index.php\/wp-json\/wp\/v2\/posts\/2522\/revisions\/4753"}],"wp:attachment":[{"href":"http:\/\/www.diarioalbayzinera.com\/index.php\/wp-json\/wp\/v2\/media?parent=2522"}],"wp:term":[{"taxonomy":"category","embeddable":true,"href":"http:\/\/www.diarioalbayzinera.com\/index.php\/wp-json\/wp\/v2\/categories?post=2522"},{"taxonomy":"post_tag","embeddable":true,"href":"http:\/\/www.diarioalbayzinera.com\/index.php\/wp-json\/wp\/v2\/tags?post=2522"}],"curies":[{"name":"wp","href":"https:\/\/api.w.org\/{rel}","templated":true}]}}