{"id":2465,"date":"2020-07-16T20:50:00","date_gmt":"2020-07-16T18:50:00","guid":{"rendered":"http:\/\/www.diarioalbayzinera.com\/?p=2465"},"modified":"2023-12-26T13:54:43","modified_gmt":"2023-12-26T12:54:43","slug":"16-julio-de-1920-viernes","status":"publish","type":"post","link":"http:\/\/www.diarioalbayzinera.com\/index.php\/2020\/07\/16\/16-julio-de-1920-viernes\/","title":{"rendered":"16 JULIO DE 1920, VIERNES"},"content":{"rendered":"\n<figure class=\"wp-block-audio\"><audio controls src=\"http:\/\/www.diarioalbayzinera.com\/wp-content\/uploads\/2020\/07\/16-Julio.wav\"><\/audio><figcaption class=\"wp-element-caption\">Narrado por la autora<br>MaRGaRiTa MaR\u00edN<br><br><br><\/figcaption><\/figure>\n\n\n\n<p>Querido Diario:<\/p>\n\n\n\n<p>Hoy es el D\u00eda de la Virgen del Carmen, pero sobre todo, lo que cabe destacar es que es el d\u00eda de mi hermanilla Carmelita y de mi madrina Carmela. Y como no pod\u00eda ser de otra manera: \u00a1<em>merendola de las buenas<\/em> en casa! <\/p>\n\n\n\n<p>\u00a1Con pasteles incluidos! \u00a1Ole, las madrinas buenas!<\/p>\n\n\n\n<p>\u00a1Que me gusta un merengue, <em>chiquillo<\/em>!<\/p>\n\n\n\n<p>Para esta ocasi\u00f3n, mi regalo a <em>la peque<\/em> ha sido una mu\u00f1equita de trapo con un vestido igual que el que le hice a ella para el Corpus. Y a mi madrina le he regalado unos <em>tapeticos<\/em> a punto de cruz. Bueno en realidad son unos posavasos para la <em>mesilla<\/em> de noche, pero eso ya ella que le d\u00e9 el uso que m\u00e1s le convenga que <em>pa\u2019eso<\/em> son suyos.<\/p>\n\n\n\n<p>Pero como hoy es el D\u00eda del Carmen, y la Virgen del Carmen es la Patrona de las Aguas, vamos a hablar de fuentes. En concreto, de\u00a0La Fuente del Avellano.<\/p>\n\n\n\n<p>Uno de los rincones de Gran\u00e1 donde la naturaleza ha puesto m\u00e1s encanto es en la ladera del cerro del Generalife, donde hay tres fuentes, una de ellas, la del Avellano que adem\u00e1s de regalar su cristalina agua a los paseantes, ha sido siempre objeto de una cierta veneraci\u00f3n po\u00e9tica hasta el punto de ser ya una nota distintiva de la tierra.<\/p>\n\n\n\n<p>Fuentes que, si bien son <em>peque\u00f1icas<\/em>, son lo bastante para surtir a gran parte de la poblaci\u00f3n de un agua que, aunque no del todo buena, es la \u00fanica que se puede beber en este abandonado pa\u00eds y a las que no se pueden acceder por la dejadez inconcebible en que se encuentra el camino que conduce a las fuentes, cortado por los continuos derrumbamientos del terreno.<\/p>\n\n\n\n<p>El camino desde el Avellano a las otras fuentes est\u00e1 pr\u00e1cticamente imposible de transitar. Lo han cubierto las terreras desprendidas y est\u00e1 peligroso de andar, no s\u00f3lo por la dificultad del piso sino porque ya hasta <em>da canguelo<\/em> pasear por all\u00ed, vaya que haya nuevos derrumbamientos y <em>te pillen por medio.<\/em><\/p>\n\n\n\n<p>Ni qu\u00e9 decir tiene, que este lugar, no s\u00f3lo merece tanta atenci\u00f3n como cualquier monumento art\u00edstico, y que lo malo ya no es que los escritores y poetas se queden sin esta <em>\u201cfuente\u201d<\/em> de inspiraci\u00f3n, sino que el pueblo de Granada se quede sin las otras dos fuentes porque ser\u00eda una verdadera perturbaci\u00f3n en el abastecimiento de agua de la ciudad.<\/p>\n\n\n\n<p>Como casi todos los problemas, esto se debe a la <em>dichosica<\/em> man\u00eda que tenemos de no reparar las peque\u00f1as aver\u00edas que necesariamente tienen que ocurrir. Poco a poco van haci\u00e9ndose mayores hasta que llega el d\u00eda en que para repararla hay que hacer un presupuesto que casi siempre por lo costoso, se abandona.<\/p>\n\n\n\n<p>\u00a1Ya podr\u00edan proyectar <em>un algo<\/em> ah\u00ed que mejorara el asunto!<\/p>\n\n\n\n<p>De primeras, restablecer los caminos, pero tambi\u00e9n podr\u00edan ver c\u00f3mo aumentar su caudal y reorganizarlo. Y ya puestos, ensanchar las plazoletas que hay frente a ellas. Ya no s\u00f3lo por lo pintoresco, sino por salud p\u00fablica.<\/p>\n\n\n\n<p>Total, para el caso que me van a hacer\u2026<\/p>\n\n\n\n<p><em>\u00a1N\u00e1, son ganah-ganetah!<\/em><\/p>\n\n\n\n<p>Se perder\u00e1n. <\/p>\n\n\n\n<p>Ya lo ver\u00e1s.<\/p>\n\n\n<div class=\"wp-block-image is-style-rounded\">\n<figure class=\"aligncenter size-large\"><img loading=\"lazy\" decoding=\"async\" width=\"269\" height=\"188\" src=\"http:\/\/www.diarioalbayzinera.com\/wp-content\/uploads\/2020\/07\/fuente-avellano.jpg\" alt=\"\" class=\"wp-image-2466\"\/><\/figure><\/div>","protected":false},"excerpt":{"rendered":"<p>Querido Diario: Hoy es el D\u00eda de la Virgen del Carmen, pero sobre todo, lo que cabe destacar es que es el d\u00eda de mi hermanilla Carmelita y de mi madrina Carmela. Y como no pod\u00eda ser de otra manera: \u00a1merendola de las buenas en casa! \u00a1Con pasteles incluidos! \u00a1Ole, las madrinas buenas! \u00a1Que me [&hellip;]<\/p>\n","protected":false},"author":2,"featured_media":0,"comment_status":"open","ping_status":"open","sticky":false,"template":"","format":"standard","meta":{"footnotes":""},"categories":[144],"tags":[32,42,31,146,29,47],"_links":{"self":[{"href":"http:\/\/www.diarioalbayzinera.com\/index.php\/wp-json\/wp\/v2\/posts\/2465"}],"collection":[{"href":"http:\/\/www.diarioalbayzinera.com\/index.php\/wp-json\/wp\/v2\/posts"}],"about":[{"href":"http:\/\/www.diarioalbayzinera.com\/index.php\/wp-json\/wp\/v2\/types\/post"}],"author":[{"embeddable":true,"href":"http:\/\/www.diarioalbayzinera.com\/index.php\/wp-json\/wp\/v2\/users\/2"}],"replies":[{"embeddable":true,"href":"http:\/\/www.diarioalbayzinera.com\/index.php\/wp-json\/wp\/v2\/comments?post=2465"}],"version-history":[{"count":4,"href":"http:\/\/www.diarioalbayzinera.com\/index.php\/wp-json\/wp\/v2\/posts\/2465\/revisions"}],"predecessor-version":[{"id":4743,"href":"http:\/\/www.diarioalbayzinera.com\/index.php\/wp-json\/wp\/v2\/posts\/2465\/revisions\/4743"}],"wp:attachment":[{"href":"http:\/\/www.diarioalbayzinera.com\/index.php\/wp-json\/wp\/v2\/media?parent=2465"}],"wp:term":[{"taxonomy":"category","embeddable":true,"href":"http:\/\/www.diarioalbayzinera.com\/index.php\/wp-json\/wp\/v2\/categories?post=2465"},{"taxonomy":"post_tag","embeddable":true,"href":"http:\/\/www.diarioalbayzinera.com\/index.php\/wp-json\/wp\/v2\/tags?post=2465"}],"curies":[{"name":"wp","href":"https:\/\/api.w.org\/{rel}","templated":true}]}}