{"id":2433,"date":"2020-07-12T20:50:00","date_gmt":"2020-07-12T18:50:00","guid":{"rendered":"http:\/\/www.diarioalbayzinera.com\/?p=2433"},"modified":"2023-12-26T12:51:00","modified_gmt":"2023-12-26T11:51:00","slug":"12-julio-de-1920-lunes","status":"publish","type":"post","link":"http:\/\/www.diarioalbayzinera.com\/index.php\/2020\/07\/12\/12-julio-de-1920-lunes\/","title":{"rendered":"12 JULIO DE 1920, LUNES"},"content":{"rendered":"\n<figure class=\"wp-block-audio\"><audio controls src=\"http:\/\/www.diarioalbayzinera.com\/wp-content\/uploads\/2020\/07\/12-Julio.wav\"><\/audio><figcaption class=\"wp-element-caption\">Narrado por la autora<br>MaRGaRiTa MaR\u00edN<br><br><br><\/figcaption><\/figure>\n\n\n\n<p>Querido Diario:<\/p>\n\n\n\n<p>\u00a1<em>Mare<\/em> m\u00eda! <\/p>\n\n\n\n<p>\u00a1La industria librera en peligro!<\/p>\n\n\n\n<p>Hace unos d\u00edas la Federaci\u00f3n Espa\u00f1ola de productores, comerciantes y Amigos del Libro elevaron al presidente del Consejo de Ministros una serie de peticiones para que esta industria pueda evitar el peligro de paralizarse y sucumbir.<\/p>\n\n\n\n<p>En concreto, los editores piden la libre importaci\u00f3n del papel. Y para conseguirla solicitan la ayuda de la prensa, precisamente la industria m\u00e1s damnificada en este tema que en virtud del mantenimiento de un r\u00e9gimen arancelario que ampara a t\u00edtulo de proteccionismo nacional uno de los trust (esos) m\u00e1s agresivos e intolerables: El de la fabricaci\u00f3n del papel.<\/p>\n\n\n\n<p>El editor tanto de libros como de peri\u00f3dico vive sometido a una voluntad totalitaria que facilita el papel que le parece conveniente y a precios capaces de estrangular a la industria m\u00e1s vigorosa. Y lo mismo que ahora se ven ahogadas las empresas editoriales por la escasez y carest\u00eda del papel, se ver\u00edan los peri\u00f3dicos espa\u00f1oles si no existiera la protecci\u00f3n del Estado.<\/p>\n\n\n\n<p>El problema del papel se ha agravado tanto que no es ya la cuesti\u00f3n del precio lo que m\u00e1s preocupa sino la carencia misma del art\u00edculo que hace imposible la vida de la empresa editora y tienen que renunciar no solo editar libros nuevos sino incluso, a reimprimir aquellos otros que ya saben de antemano que gustan al p\u00fablico y van a ser comprados.<\/p>\n\n\n\n<p>Total, que no hay otro remedio que la anulaci\u00f3n del arancel del papel, ya que la ley de Subsistencia la autoriza expresamente, y no se necesitar\u00eda m\u00e1s tr\u00e1mite que una sencilla Real Orden. &nbsp;<\/p>\n\n\n\n<p>No ser\u00eda m\u00e1s que deshacer lo que est\u00e1 mal hecho.<\/p>\n\n\n\n<p>Que digo yo que si bien el Estado ver\u00eda menguado sus ingresos por este concepto, peor ser\u00eda que las miles de personas que ya est\u00e1n empezando a despedir se quedaran sin medio de subsistencia, con el que a su vez tambi\u00e9n contribuyen al Estado, no s\u00f3lo a lo que se refiere como medio de difusi\u00f3n, cultura o arte, sino, adem\u00e1s, de lo que aportan econ\u00f3micamente tambi\u00e9n todas esas personas con sus trabajos y capacidad de consumo.<\/p>\n\n\n\n<p>Imag\u00ednate uno que trabaje en una imprenta que se queda sin trabajo. \u00bfC\u00f3mo va a pensar su mujer nunca en ir a la modista a hacerse un vestido? Vamos, que terminar\u00edamos todos y\u00e9ndonos a la ruina. <\/p>\n\n\n\n<p>\u00a1Que el trabajo no puede faltarle a nadie! <\/p>\n\n\n\n<p>\u00a1De ninguna de las maneras!<\/p>\n\n\n\n<p>Es pura l\u00f3gica. Hacer <em>otra cosa ser\u00eda c\u00f3mo echar piedras sobre tu propio tejao<\/em>. Adem\u00e1s de que, c\u00f3mo est\u00e1 tan caro, no se compra papel y tampoco se est\u00e1n pagando los aranceles de lo que no se vende porque no se puede comprar. Tampoco el Estado va a notar mucho la diferencia si lo quita. <\/p>\n\n\n\n<p>En realidad, si dejar\u00e1n entrar el papel libremente, las empresas editoras dispondr\u00e1n del papel que gustasen y a precio m\u00e1s equitativo.<\/p>\n\n\n\n<p>Pero lo que no puede ser es un pa\u00eds sin trabajo y sin libros. <\/p>\n\n\n\n<p>\u00a1<em>El acabose<\/em>, vamos\u2026!<\/p>\n\n\n<div class=\"wp-block-image\">\n<figure class=\"aligncenter size-large is-resized\"><img loading=\"lazy\" decoding=\"async\" width=\"398\" height=\"398\" src=\"http:\/\/www.diarioalbayzinera.com\/wp-content\/uploads\/2020\/07\/mequedoencasaleyendo-copia.jpg\" alt=\"\" class=\"wp-image-2434\" style=\"width:299px;height:299px\" srcset=\"http:\/\/www.diarioalbayzinera.com\/wp-content\/uploads\/2020\/07\/mequedoencasaleyendo-copia.jpg 398w, http:\/\/www.diarioalbayzinera.com\/wp-content\/uploads\/2020\/07\/mequedoencasaleyendo-copia-300x300.jpg 300w, http:\/\/www.diarioalbayzinera.com\/wp-content\/uploads\/2020\/07\/mequedoencasaleyendo-copia-150x150.jpg 150w\" sizes=\"(max-width: 398px) 100vw, 398px\" \/><\/figure><\/div>","protected":false},"excerpt":{"rendered":"<p>Querido Diario: \u00a1Mare m\u00eda! \u00a1La industria librera en peligro! Hace unos d\u00edas la Federaci\u00f3n Espa\u00f1ola de productores, comerciantes y Amigos del Libro elevaron al presidente del Consejo de Ministros una serie de peticiones para que esta industria pueda evitar el peligro de paralizarse y sucumbir. En concreto, los editores piden la libre importaci\u00f3n del papel. [&hellip;]<\/p>\n","protected":false},"author":2,"featured_media":0,"comment_status":"open","ping_status":"open","sticky":false,"template":"","format":"standard","meta":{"footnotes":""},"categories":[144],"tags":[59,105,104,60,97,146,44,103,129],"_links":{"self":[{"href":"http:\/\/www.diarioalbayzinera.com\/index.php\/wp-json\/wp\/v2\/posts\/2433"}],"collection":[{"href":"http:\/\/www.diarioalbayzinera.com\/index.php\/wp-json\/wp\/v2\/posts"}],"about":[{"href":"http:\/\/www.diarioalbayzinera.com\/index.php\/wp-json\/wp\/v2\/types\/post"}],"author":[{"embeddable":true,"href":"http:\/\/www.diarioalbayzinera.com\/index.php\/wp-json\/wp\/v2\/users\/2"}],"replies":[{"embeddable":true,"href":"http:\/\/www.diarioalbayzinera.com\/index.php\/wp-json\/wp\/v2\/comments?post=2433"}],"version-history":[{"count":3,"href":"http:\/\/www.diarioalbayzinera.com\/index.php\/wp-json\/wp\/v2\/posts\/2433\/revisions"}],"predecessor-version":[{"id":4736,"href":"http:\/\/www.diarioalbayzinera.com\/index.php\/wp-json\/wp\/v2\/posts\/2433\/revisions\/4736"}],"wp:attachment":[{"href":"http:\/\/www.diarioalbayzinera.com\/index.php\/wp-json\/wp\/v2\/media?parent=2433"}],"wp:term":[{"taxonomy":"category","embeddable":true,"href":"http:\/\/www.diarioalbayzinera.com\/index.php\/wp-json\/wp\/v2\/categories?post=2433"},{"taxonomy":"post_tag","embeddable":true,"href":"http:\/\/www.diarioalbayzinera.com\/index.php\/wp-json\/wp\/v2\/tags?post=2433"}],"curies":[{"name":"wp","href":"https:\/\/api.w.org\/{rel}","templated":true}]}}