{"id":2295,"date":"2020-06-28T19:55:00","date_gmt":"2020-06-28T17:55:00","guid":{"rendered":"http:\/\/www.diarioalbayzinera.com\/?p=2295"},"modified":"2022-07-07T11:58:55","modified_gmt":"2022-07-07T09:58:55","slug":"28-junio-de-1920-lunes","status":"publish","type":"post","link":"http:\/\/www.diarioalbayzinera.com\/index.php\/2020\/06\/28\/28-junio-de-1920-lunes\/","title":{"rendered":"28 JUNIO DE 1920, LUNES"},"content":{"rendered":"\n<figure class=\"wp-block-audio\"><audio controls src=\"http:\/\/www.diarioalbayzinera.com\/wp-content\/uploads\/2020\/06\/28-Junio.wav\"><\/audio><figcaption>Narrado por la autora<br>MaRGaRiTa MaR\u00edN<br><br><br><\/figcaption><\/figure>\n\n\n\n<p>Querido Diario:<\/p>\n\n\n\n<p>El incendio de anoche fue en la f\u00e1brica de pan de la calle Santiago (n\u00ba 63). Sobre las once de la noche uno de los operarios vio salir una columna de humo de la zona de la le\u00f1era, dando la voz de alarma a sus compa\u00f1eros y al due\u00f1o, poni\u00e9ndose todos de inmediato a tratar de vencerlo con cubos de agua. <\/p>\n\n\n\n<p>Objetivo al que se le unieron tambi\u00e9n los vecinos para ayudar, que a la par que unos ayudaban con los calderos, otros colaboraron en sacar de all\u00ed todos los sacos de trigo almacenados para que no fueran consumidos por el fuego.<\/p>\n\n\n\n<p>Pero el fuego era tan profuso que era imposible calmarlo, aunque los guardias, entre tanto, ya hab\u00edan avisado por tel\u00e9fono a los bomberos y llegaron pronto con sus extintores y dem\u00e1s material para extinguirlo. <\/p>\n\n\n\n<p>Al poco lleg\u00f3 tambi\u00e9n el ingeniero municipal que les orden\u00f3 dar al fuego dos cortes muy oportunos, uno para aislar la le\u00f1era de la f\u00e1brica de pan, y el otro para aislar la casa de al lado.Una casa que est\u00e1 adosada al horno de la cuesta de los Monteros, que tuvo que ser desalojada porque tem\u00edan pudieran propagarse las llamas y de la que sacaron hasta los muebles\u2026<\/p>\n\n\n\n<p>Los Guardias, Civiles, de Seguridad y Municipales, cortaron las calles para evitar se acercara nadie a <strong>goler<\/strong> y pudiera acabar aquello en una mayor desgracia.<\/p>\n\n\n\n<p>La Cruz Roja, estableci\u00f3 un hospital en una de las casas de la calle Santiago con botiqu\u00edn, camillas y ambulancia.<\/p>\n\n\n\n<p>Y acudieron <em>ipsofactamente<\/em> much\u00edsimas autoridades como el Alcalde, concejales o el mismo Cendoya (el arquitecto de la Alhambra).<\/p>\n\n\n\n<p>En poco tiempo, una vez entraron en acci\u00f3n los bomberos, pudieron dominarlo con audacia y hero\u00edsmo, y darle fin a lo que podr\u00eda haber acabado en cat\u00e1strofe mayor porque dicen que el mal estado de las mangas no permit\u00eda el buen funcionamiento de las bombas y aquello podr\u00eda haber terminado en algo mucho peor.<\/p>\n\n\n\n<p>Los da\u00f1os finalmente fueron solamente los relativos a esa le\u00f1era y a su material, y quedando milagrosamente a salvo la harina que hab\u00eda en las habitaciones de al lado. De modo que, los panaderos, una vez salvado el fuego, sobre la una de la madrugada, continuaron con su trabajo para que no faltara el pan.<\/p>\n\n\n\n<p>La mayor\u00eda de los inquilinos de esta casa desalojada eran camareros del Caf\u00e9 Royal, as\u00ed que hoy tendr\u00e1n el d\u00eda muy distra\u00eddo contando el follet\u00edn de anoche.<\/p>\n\n\n\n<p>Bueno, ya comienzan hoy las veladas de San Pedro, nos vamos a darle una vueltecilla a aquello que hemos quedado tambi\u00e9n con Manol\u00edn.<\/p>\n\n\n\n<div class=\"wp-block-image is-style-rounded\"><figure class=\"aligncenter size-large is-resized\"><img loading=\"lazy\" decoding=\"async\" src=\"http:\/\/www.diarioalbayzinera.com\/wp-content\/uploads\/2019\/11\/basico-pecas-centrado.jpg\" alt=\"\" class=\"wp-image-26\" width=\"74\" height=\"86\" srcset=\"http:\/\/www.diarioalbayzinera.com\/wp-content\/uploads\/2019\/11\/basico-pecas-centrado.jpg 295w, http:\/\/www.diarioalbayzinera.com\/wp-content\/uploads\/2019\/11\/basico-pecas-centrado-259x300.jpg 259w\" sizes=\"(max-width: 74px) 100vw, 74px\" \/><\/figure><\/div>\n","protected":false},"excerpt":{"rendered":"<p>Querido Diario: El incendio de anoche fue en la f\u00e1brica de pan de la calle Santiago (n\u00ba 63). Sobre las once de la noche uno de los operarios vio salir una columna de humo de la zona de la le\u00f1era, dando la voz de alarma a sus compa\u00f1eros y al due\u00f1o, poni\u00e9ndose todos de inmediato [&hellip;]<\/p>\n","protected":false},"author":2,"featured_media":0,"comment_status":"open","ping_status":"open","sticky":false,"template":"","format":"standard","meta":{"footnotes":""},"categories":[111],"tags":[137,80,118,29],"_links":{"self":[{"href":"http:\/\/www.diarioalbayzinera.com\/index.php\/wp-json\/wp\/v2\/posts\/2295"}],"collection":[{"href":"http:\/\/www.diarioalbayzinera.com\/index.php\/wp-json\/wp\/v2\/posts"}],"about":[{"href":"http:\/\/www.diarioalbayzinera.com\/index.php\/wp-json\/wp\/v2\/types\/post"}],"author":[{"embeddable":true,"href":"http:\/\/www.diarioalbayzinera.com\/index.php\/wp-json\/wp\/v2\/users\/2"}],"replies":[{"embeddable":true,"href":"http:\/\/www.diarioalbayzinera.com\/index.php\/wp-json\/wp\/v2\/comments?post=2295"}],"version-history":[{"count":3,"href":"http:\/\/www.diarioalbayzinera.com\/index.php\/wp-json\/wp\/v2\/posts\/2295\/revisions"}],"predecessor-version":[{"id":4537,"href":"http:\/\/www.diarioalbayzinera.com\/index.php\/wp-json\/wp\/v2\/posts\/2295\/revisions\/4537"}],"wp:attachment":[{"href":"http:\/\/www.diarioalbayzinera.com\/index.php\/wp-json\/wp\/v2\/media?parent=2295"}],"wp:term":[{"taxonomy":"category","embeddable":true,"href":"http:\/\/www.diarioalbayzinera.com\/index.php\/wp-json\/wp\/v2\/categories?post=2295"},{"taxonomy":"post_tag","embeddable":true,"href":"http:\/\/www.diarioalbayzinera.com\/index.php\/wp-json\/wp\/v2\/tags?post=2295"}],"curies":[{"name":"wp","href":"https:\/\/api.w.org\/{rel}","templated":true}]}}