{"id":2288,"date":"2020-06-27T19:55:00","date_gmt":"2020-06-27T17:55:00","guid":{"rendered":"http:\/\/www.diarioalbayzinera.com\/?p=2288"},"modified":"2022-07-07T11:52:23","modified_gmt":"2022-07-07T09:52:23","slug":"27-junio-de-1920-domingo","status":"publish","type":"post","link":"http:\/\/www.diarioalbayzinera.com\/index.php\/2020\/06\/27\/27-junio-de-1920-domingo\/","title":{"rendered":"27 JUNIO DE 1920, DOMINGO"},"content":{"rendered":"\n<figure class=\"wp-block-audio\"><audio controls src=\"http:\/\/www.diarioalbayzinera.com\/wp-content\/uploads\/2020\/06\/27-Junio.wav\"><\/audio><figcaption>Narrado por la autora<br>MaRGaRiTa MaR\u00edN<br><br><br><\/figcaption><\/figure>\n\n\n\n<p>Querido Diario:<\/p>\n\n\n\n<p>Se ha aprobado el presupuesto para el escalonado de la Cuesta San Gregorio: Rampas bloqueadas, de 4 m en 70 m lineales con un presupuesto de casi 8.000 reales, 1.982,50 Pesetas.<\/p>\n\n\n\n<p>Para la Plaza Nueva, entra en estudio por los arquitectos, hacer el presupuesto la colocaci\u00f3n de cemento en el centro de la plaza y adoquinado del lateral que falta.<\/p>\n\n\n\n<p>Por otro lado, autorizan al arquitecto Sr. F\u00edjares, la demolici\u00f3n de las casas n\u00fameros 3, 5 y 7 de la calle Pilar Seco y las limpias de tejados y dem\u00e1s obras menores de los n\u00fameros 9 y 11. Bueno, al arquitecto no, a D\u00f1a. Angustias M\u00e9ndez Vellido, que es la due\u00f1a de<em> <\/em><strong>to&#8217;ese roh\u00e1h<\/strong>.<\/p>\n\n\n\n<p>Tambi\u00e9n entran ya a estudio el presupuesto para las obras destinadas a los arreglos del camino y fuentes del Avellano y el presupuesto para pintar las tapias y muros del grupo escolar Albayz\u00edn.<\/p>\n\n\n\n<p>\u00a1\u00a1Chiquillo cu\u00e1ntos presupuestos y estudios aprobados de una vez!<\/p>\n\n\n\n<p>\u00a1Mira t\u00fa qu\u00e9 bien!<\/p>\n\n\n\n<p> \u00a1Qu\u00e9 limpio y <strong>espercojao<\/strong> que se va a quedar <strong>t\u00f3<\/strong>, mare m\u00eda!<\/p>\n\n\n\n<p>Y ya para acabar el d\u00eda, m\u00fasica hoy en el Paseo del Sal\u00f3n a las ocho de la tarde: Pasodobles, cantos de la tierra, algo de m\u00fasica cl\u00e1sica y para terminar \u201cLa Bandera Pasa\u201d, una marcha militar de Miguel Font.<\/p>\n\n\n\n<p>Nos vamos pitando <strong>pa&#8217;ll\u00e1<\/strong>. <\/p>\n\n\n\n<p>\u00a1Hasta ma\u00f1ana!<\/p>\n\n\n\n<p>P.D: Al llegar del paseo han empezado a sonar las campanas de Catedral a toque de incendio.<\/p>\n\n\n\n<p>\u00a1Mare m\u00eda, qu\u00e9 miedo! \u00a1Qu\u00e9 no le pase <strong>na<\/strong> a nadie, Dios m\u00edo!<\/p>\n\n\n\n<p>\u00a1San Juan de Dios interceda por nosotros!<\/p>\n\n\n\n<p>\u00bfD\u00f3nde est\u00e1 mi Estampica?<\/p>\n\n\n\n<p>\u00a1Aqu\u00ed!<\/p>\n\n\n\n<p>Conchita reza para combatir su miedo: <em>-\u00a1Glorioso San Juan de Dios, caritativo protector de los enfermos y desvalidos! Mientras vivisteis en la tierra no hubo quien se apartase de vos desconsolado: el pobre hall\u00f3 amparo y refugio; los afligidos consuelo y alegr\u00eda; confianza los desesperados y alivio en sus penas y dolores todos los enfermos. Si tan copiosos fueron los frutos de vuestra caridad estando a\u00fan en el mundo, \u00bfqu\u00e9 no podremos esperar de vos ahora que viv\u00eds \u00edntimamente unido a Dios en el Cielo? Animados con este pensamiento, esperamos nos alcanc\u00e9is del Se\u00f1or la gracia de\u2026 (protegernos de este incendio) si es para mayor gloria de Dios y bien de nuestras almas. Am\u00e9n.<\/em><\/p>\n\n\n\n<p><\/p>\n\n\n\n<div class=\"wp-block-image\"><figure class=\"aligncenter size-large is-resized\"><img loading=\"lazy\" decoding=\"async\" src=\"http:\/\/www.diarioalbayzinera.com\/wp-content\/uploads\/2020\/06\/la-bandera-pasa-letra-685x1024.jpg\" alt=\"\" class=\"wp-image-2289\" width=\"343\" height=\"512\" srcset=\"http:\/\/www.diarioalbayzinera.com\/wp-content\/uploads\/2020\/06\/la-bandera-pasa-letra-685x1024.jpg 685w, http:\/\/www.diarioalbayzinera.com\/wp-content\/uploads\/2020\/06\/la-bandera-pasa-letra-201x300.jpg 201w, http:\/\/www.diarioalbayzinera.com\/wp-content\/uploads\/2020\/06\/la-bandera-pasa-letra-508x760.jpg 508w, http:\/\/www.diarioalbayzinera.com\/wp-content\/uploads\/2020\/06\/la-bandera-pasa-letra.jpg 759w\" sizes=\"(max-width: 343px) 100vw, 343px\" \/><figcaption>Letra de los Hermanos \u00c1lvarez Quintero que Populariz\u00f3 Raquel Meller<br>Fuente: <a href=\"http:\/\/www.papelesflamencos.com\/2014\/02\/con-la-nina-de-los-peines-en-granja-de.html\">http:\/\/www.papelesflamencos.com\/2014\/02\/con-la-nina-de-los-peines-en-granja-de.html<\/a><\/figcaption><\/figure><\/div>\n\n\n\n<p><\/p>\n","protected":false},"excerpt":{"rendered":"<p>Querido Diario: Se ha aprobado el presupuesto para el escalonado de la Cuesta San Gregorio: Rampas bloqueadas, de 4 m en 70 m lineales con un presupuesto de casi 8.000 reales, 1.982,50 Pesetas. Para la Plaza Nueva, entra en estudio por los arquitectos, hacer el presupuesto la colocaci\u00f3n de cemento en el centro de la [&hellip;]<\/p>\n","protected":false},"author":2,"featured_media":0,"comment_status":"open","ping_status":"open","sticky":false,"template":"","format":"standard","meta":{"footnotes":""},"categories":[111],"tags":[32,137,107,47],"_links":{"self":[{"href":"http:\/\/www.diarioalbayzinera.com\/index.php\/wp-json\/wp\/v2\/posts\/2288"}],"collection":[{"href":"http:\/\/www.diarioalbayzinera.com\/index.php\/wp-json\/wp\/v2\/posts"}],"about":[{"href":"http:\/\/www.diarioalbayzinera.com\/index.php\/wp-json\/wp\/v2\/types\/post"}],"author":[{"embeddable":true,"href":"http:\/\/www.diarioalbayzinera.com\/index.php\/wp-json\/wp\/v2\/users\/2"}],"replies":[{"embeddable":true,"href":"http:\/\/www.diarioalbayzinera.com\/index.php\/wp-json\/wp\/v2\/comments?post=2288"}],"version-history":[{"count":5,"href":"http:\/\/www.diarioalbayzinera.com\/index.php\/wp-json\/wp\/v2\/posts\/2288\/revisions"}],"predecessor-version":[{"id":4535,"href":"http:\/\/www.diarioalbayzinera.com\/index.php\/wp-json\/wp\/v2\/posts\/2288\/revisions\/4535"}],"wp:attachment":[{"href":"http:\/\/www.diarioalbayzinera.com\/index.php\/wp-json\/wp\/v2\/media?parent=2288"}],"wp:term":[{"taxonomy":"category","embeddable":true,"href":"http:\/\/www.diarioalbayzinera.com\/index.php\/wp-json\/wp\/v2\/categories?post=2288"},{"taxonomy":"post_tag","embeddable":true,"href":"http:\/\/www.diarioalbayzinera.com\/index.php\/wp-json\/wp\/v2\/tags?post=2288"}],"curies":[{"name":"wp","href":"https:\/\/api.w.org\/{rel}","templated":true}]}}