{"id":2148,"date":"2020-06-15T19:55:00","date_gmt":"2020-06-15T17:55:00","guid":{"rendered":"http:\/\/www.diarioalbayzinera.com\/?p=2148"},"modified":"2022-07-05T12:49:50","modified_gmt":"2022-07-05T10:49:50","slug":"15-de-junio-1920-martes","status":"publish","type":"post","link":"http:\/\/www.diarioalbayzinera.com\/index.php\/2020\/06\/15\/15-de-junio-1920-martes\/","title":{"rendered":"15 DE JUNIO 1920, MARTES"},"content":{"rendered":"\n<figure class=\"wp-block-audio\"><audio controls src=\"http:\/\/www.diarioalbayzinera.com\/wp-content\/uploads\/2020\/06\/15-Junio.wav\"><\/audio><figcaption>Narrado por la autora<br>MaRGaRiTa MaR\u00edN<br><br><br><\/figcaption><\/figure>\n\n\n\n<p>Querido Diario:<\/p>\n\n\n\n<p>Ayer lleg\u00f3 el exministro de Guerra murciano de la Cierva (Pe\u00f1afiel) a Granada. En el Hotel Alhambra Palace se hospeda. De primeras recibi\u00f3 a un mont\u00f3n de autoridades, pol\u00edticos y particulares que fueron a ofrecerle sus respetos. Y despu\u00e9s se fue a visitar la Alhambra, a Nuestra Patrona y recorri\u00f3 la finca \u201cLos M\u00e1rtires\u201d donde asisti\u00f3 a una comida que le hab\u00eda preparado en su honor el propietario, el Sr. Meersman.<\/p>\n\n\n\n<p>Luego a las nueve y media daba una conferencia en el Teatro Cervantes para los socios del C\u00edrculo Comercial, la Uni\u00f3n Comercial, la Uni\u00f3n Mercantil y la Sociedad de Hoteles, Fondas y Similares. Y <em>el Isabel la Cat\u00f3lica<\/em> ha retrasado su funci\u00f3n a las diez y media para que pueda ir D.Juan, que hab\u00eda expresado su inter\u00e9s por verla.<\/p>\n\n\n\n<p>El Gobernador Civil&nbsp; otra vez no pudo asistir a la recepci\u00f3n, por lo visto sigue malo. No s\u00e9 que tiene,&nbsp; lleva enfermo desde el Corpus, son ya muchos d\u00edas. Veremos a ver\u2026<\/p>\n\n\n\n<p>Hoy precisamente vi al Sr. la Cierva por Plaza Nueva con la toga puesta porque en ese momento acababa de entrar en el Palacio de Justicia y dicen que al salir de la Audiencia un grupo de j\u00f3venes estaba vitore\u00e1ndolo. Y ya luego a la tarde visit\u00f3 la f\u00e1brica de p\u00f3lvora del Fargue.<\/p>\n\n\n\n<p>Pero hay que decir que no ha sido el&nbsp; placer de pasear y saludar a nuestras gentes lo que ha tra\u00eddo a D.Juan por estos lares\u2026 En realidad ten\u00eda que venir a intervenir en un pleito acerca de del proceso contencioso administrativo contra la Bairds (Mining Company Limited) a la que \u00e9l representa como abogado.<\/p>\n\n\n\n<p>El asunto versa sobre la cantidad de agua que el Gobernador Civil de la provincia concedi\u00f3 a una persona la cual pasado alg\u00fan tiempo la transmiti\u00f3 a la Sociedad que representa.<\/p>\n\n\n\n<p>A ver que nos cuenta ma\u00f1ana <em>El Defensor<\/em> sobre esto porque no s\u00e9 nada de este tema y estoy con toda la intriga\u2026<\/p>\n\n\n\n<div class=\"wp-block-image\"><figure class=\"aligncenter size-large\"><img loading=\"lazy\" decoding=\"async\" width=\"220\" height=\"299\" src=\"http:\/\/www.diarioalbayzinera.com\/wp-content\/uploads\/2020\/05\/220px-Juan_de_la_Cierva_Pe\u00f1afiel.jpg\" alt=\"\" class=\"wp-image-2149\"\/><figcaption>Juan de la Cierva Pe\u00f1afiel, <br>quien fuera padre de Juan de la Cierva Cordorni\u00fa, <br>famoso inventor del autogiro.<br>Fuente foto: Wikipedia<\/figcaption><\/figure><\/div>\n","protected":false},"excerpt":{"rendered":"<p>Querido Diario: Ayer lleg\u00f3 el exministro de Guerra murciano de la Cierva (Pe\u00f1afiel) a Granada. En el Hotel Alhambra Palace se hospeda. De primeras recibi\u00f3 a un mont\u00f3n de autoridades, pol\u00edticos y particulares que fueron a ofrecerle sus respetos. Y despu\u00e9s se fue a visitar la Alhambra, a Nuestra Patrona y recorri\u00f3 la finca \u201cLos [&hellip;]<\/p>\n","protected":false},"author":2,"featured_media":0,"comment_status":"open","ping_status":"open","sticky":false,"template":"","format":"standard","meta":{"footnotes":""},"categories":[111],"tags":[137,139,45,46],"_links":{"self":[{"href":"http:\/\/www.diarioalbayzinera.com\/index.php\/wp-json\/wp\/v2\/posts\/2148"}],"collection":[{"href":"http:\/\/www.diarioalbayzinera.com\/index.php\/wp-json\/wp\/v2\/posts"}],"about":[{"href":"http:\/\/www.diarioalbayzinera.com\/index.php\/wp-json\/wp\/v2\/types\/post"}],"author":[{"embeddable":true,"href":"http:\/\/www.diarioalbayzinera.com\/index.php\/wp-json\/wp\/v2\/users\/2"}],"replies":[{"embeddable":true,"href":"http:\/\/www.diarioalbayzinera.com\/index.php\/wp-json\/wp\/v2\/comments?post=2148"}],"version-history":[{"count":4,"href":"http:\/\/www.diarioalbayzinera.com\/index.php\/wp-json\/wp\/v2\/posts\/2148\/revisions"}],"predecessor-version":[{"id":4510,"href":"http:\/\/www.diarioalbayzinera.com\/index.php\/wp-json\/wp\/v2\/posts\/2148\/revisions\/4510"}],"wp:attachment":[{"href":"http:\/\/www.diarioalbayzinera.com\/index.php\/wp-json\/wp\/v2\/media?parent=2148"}],"wp:term":[{"taxonomy":"category","embeddable":true,"href":"http:\/\/www.diarioalbayzinera.com\/index.php\/wp-json\/wp\/v2\/categories?post=2148"},{"taxonomy":"post_tag","embeddable":true,"href":"http:\/\/www.diarioalbayzinera.com\/index.php\/wp-json\/wp\/v2\/tags?post=2148"}],"curies":[{"name":"wp","href":"https:\/\/api.w.org\/{rel}","templated":true}]}}