{"id":2132,"date":"2020-06-11T19:55:00","date_gmt":"2020-06-11T17:55:00","guid":{"rendered":"http:\/\/www.diarioalbayzinera.com\/?p=2132"},"modified":"2022-07-04T13:15:20","modified_gmt":"2022-07-04T11:15:20","slug":"11-junio-de-1920-viernes","status":"publish","type":"post","link":"http:\/\/www.diarioalbayzinera.com\/index.php\/2020\/06\/11\/11-junio-de-1920-viernes\/","title":{"rendered":"11 JUNIO DE 1920, VIERNES"},"content":{"rendered":"\n<figure class=\"wp-block-audio\"><audio controls src=\"http:\/\/www.diarioalbayzinera.com\/wp-content\/uploads\/2020\/06\/11-Junio.wav\"><\/audio><figcaption>Narrado por la autora<br>MaRGaRiTa MaR\u00edN<br><br><br><\/figcaption><\/figure>\n\n\n\n<p>Querido Diario:<\/p>\n\n\n\n<p>Hoy fuimos a la velada en San Pedro. Vino Manol\u00edn y me pidi\u00f3 un baile y aunque yo no quer\u00eda porque me daba verg\u00fcenza, y no quiero que se crea que me gusta, al final presionada por <em>Papa-Antonio<\/em> que dec\u00eda que se trataba de un buen amigo y no pod\u00eda hacerle ese feo al chiquillo, echamos un pasodoble, eso s\u00ed, despu\u00e9s de bailar primero con mis hermanas y mis primos.<\/p>\n\n\n\n<p>Para empezar a bailar y <em>romper el hielo<\/em>, comenz\u00f3 a <em>canturrearme<\/em> la coplilla que sonaba mientras d\u00e1bamos los primeros pasos (\u00bfc\u00f3mo no? ya estaba <strong>er gach\u00f3n<\/strong> tardando en <em>echarse unas letrillas<\/em>\u2026)<\/p>\n\n\n\n<p>Despu\u00e9s, adem\u00e1s de agasajarme con las zalamer\u00edas de rigor <em>\u201cque guapa est\u00e1s hoy\u201d, \u201cque bonito vestido \u00bfTe lo has hecho t\u00fa?\u201d<\/em>, pas\u00f3 a darme las gracias por el arreglo <em>\u201ctan profesional\u201d<\/em>, dice,\u00a0 que le hice a su bata, y a agradecer en general todo el trato que le damos en casa\u00a0a \u00e9l y a su familia, que su padre estaba muy contento con que el abuelo lo llamara <strong>pa\u2019pintar<\/strong> la fachada porque as\u00ed le salieron un par de faenas m\u00e1s y eso les permit\u00eda un <em>desahoguillo<\/em> para enfrentarse a las fiestas.<\/p>\n\n\n\n<p>(He de decir que de la limpieza y arreglos de la fachada de la casa se suele encargar Do\u00f1a Carmen, la portera que vive en el bajo de nuestro patio. Una se\u00f1ora viuda con cuatro hijas, pero esta vez el abuelo quiso darle <em>el quite<\/em>)<\/p>\n\n\n\n<p>A lo que \u00edbamos, que dec\u00eda Manolo que como D.Jos\u00e9 le pagar\u00e1 ma\u00f1ana la semana y ma\u00f1ana es la Verbena del Albayz\u00edn, le gustar\u00eda poder convidarme a un sorbete antes de subir pero que si me lo lleva a casa tendr\u00eda que convidar a todos y no tiene para tanto. <\/p>\n\n\n\n<p>As\u00ed que, despu\u00e9s haber estado charlando durante un buen rato de mil cosas, sentados con toda la pandilla de mi primo en <em>murete<\/em> del puente de la Chirim\u00edas, frente al Hotel Reuma, en un momento se ha acercado para sentarse a mi vera y me ha insistido otra vez discretamente con lo del sorbete.<\/p>\n\n\n\n<p>Y como hoy, la verdad, he estado muy a gusto hablando con \u00e9l, finalmente me ha convencido y hemos quedado que nos daremos un paseo pero no ma\u00f1ana, otro, d\u00eda porque para que me pueda escapar tengo que quedar con Paquito para que venga <em>de escopetilla<\/em> y me dejen salir so pretexto de que me voy a darme un <em>garbeo<\/em> con el primo porque si no, no me dejan pisar ni el tranco de la puerta.<\/p>\n\n\n\n<p>Para salir de paseo sola s\u00f3lo puedo salir o bien con mis amigas o con mi primo. Veremos a ver si cuela pero <em>\u201cQuien algo quiere, algo le cuesta\u201d<\/em> y le va a costar la broma dos sorbetes\u2026 &nbsp;<\/p>\n\n\n\n<p>Pobre. <em>Me da no s\u00e9 qu\u00e9<\/em> causarle gasto, la verdad.<\/p>\n\n\n\n<div class=\"wp-block-image\"><figure class=\"aligncenter size-large is-resized\"><img loading=\"lazy\" decoding=\"async\" src=\"http:\/\/www.diarioalbayzinera.com\/wp-content\/uploads\/2020\/05\/FB_IMG_1545601165136-copia.jpg\" alt=\"\" class=\"wp-image-2133\" width=\"168\" height=\"240\" srcset=\"http:\/\/www.diarioalbayzinera.com\/wp-content\/uploads\/2020\/05\/FB_IMG_1545601165136-copia.jpg 673w, http:\/\/www.diarioalbayzinera.com\/wp-content\/uploads\/2020\/05\/FB_IMG_1545601165136-copia-210x300.jpg 210w, http:\/\/www.diarioalbayzinera.com\/wp-content\/uploads\/2020\/05\/FB_IMG_1545601165136-copia-508x725.jpg 508w\" sizes=\"(max-width: 168px) 100vw, 168px\" \/><figcaption>Casa de las Chirim\u00edas<br>A\u00f1os 60-70<\/figcaption><\/figure><\/div>\n\n\n\n<p><\/p>\n","protected":false},"excerpt":{"rendered":"<p>Querido Diario: Hoy fuimos a la velada en San Pedro. Vino Manol\u00edn y me pidi\u00f3 un baile y aunque yo no quer\u00eda porque me daba verg\u00fcenza, y no quiero que se crea que me gusta, al final presionada por Papa-Antonio que dec\u00eda que se trataba de un buen amigo y no pod\u00eda hacerle ese feo [&hellip;]<\/p>\n","protected":false},"author":2,"featured_media":0,"comment_status":"open","ping_status":"open","sticky":false,"template":"","format":"standard","meta":{"footnotes":""},"categories":[111],"tags":[28,73,136,31,137,64,107,52,29],"_links":{"self":[{"href":"http:\/\/www.diarioalbayzinera.com\/index.php\/wp-json\/wp\/v2\/posts\/2132"}],"collection":[{"href":"http:\/\/www.diarioalbayzinera.com\/index.php\/wp-json\/wp\/v2\/posts"}],"about":[{"href":"http:\/\/www.diarioalbayzinera.com\/index.php\/wp-json\/wp\/v2\/types\/post"}],"author":[{"embeddable":true,"href":"http:\/\/www.diarioalbayzinera.com\/index.php\/wp-json\/wp\/v2\/users\/2"}],"replies":[{"embeddable":true,"href":"http:\/\/www.diarioalbayzinera.com\/index.php\/wp-json\/wp\/v2\/comments?post=2132"}],"version-history":[{"count":6,"href":"http:\/\/www.diarioalbayzinera.com\/index.php\/wp-json\/wp\/v2\/posts\/2132\/revisions"}],"predecessor-version":[{"id":4501,"href":"http:\/\/www.diarioalbayzinera.com\/index.php\/wp-json\/wp\/v2\/posts\/2132\/revisions\/4501"}],"wp:attachment":[{"href":"http:\/\/www.diarioalbayzinera.com\/index.php\/wp-json\/wp\/v2\/media?parent=2132"}],"wp:term":[{"taxonomy":"category","embeddable":true,"href":"http:\/\/www.diarioalbayzinera.com\/index.php\/wp-json\/wp\/v2\/categories?post=2132"},{"taxonomy":"post_tag","embeddable":true,"href":"http:\/\/www.diarioalbayzinera.com\/index.php\/wp-json\/wp\/v2\/tags?post=2132"}],"curies":[{"name":"wp","href":"https:\/\/api.w.org\/{rel}","templated":true}]}}