{"id":2106,"date":"2020-06-04T19:55:00","date_gmt":"2020-06-04T17:55:00","guid":{"rendered":"http:\/\/www.diarioalbayzinera.com\/?p=2106"},"modified":"2022-07-04T12:15:55","modified_gmt":"2022-07-04T10:15:55","slug":"4-junio-de-1920-viernes","status":"publish","type":"post","link":"http:\/\/www.diarioalbayzinera.com\/index.php\/2020\/06\/04\/4-junio-de-1920-viernes\/","title":{"rendered":"4 JUNIO DE 1920, VIERNES"},"content":{"rendered":"\n<figure class=\"wp-block-audio\"><audio controls src=\"http:\/\/www.diarioalbayzinera.com\/wp-content\/uploads\/2020\/06\/04-Junio.wav\"><\/audio><figcaption>Narrado por la autora<br>MaRGaRiTa MaR\u00edN<br><br><br><\/figcaption><\/figure>\n\n\n\n<p>Querido Diario:<\/p>\n\n\n\n<p>Pues anoche fue la primera velada en los paseos y jardines del sal\u00f3n, concurriendo desde primera hora much\u00edsimo p\u00fablico, y los carruajes y autom\u00f3viles que paseaban por la zona eran todo un espect\u00e1culo. <\/p>\n\n\n\n<p>La Banda Municipal ameniz\u00f3 la velada durando la animaci\u00f3n hasta las doce de la noche que se apag\u00f3 la iluminaci\u00f3n, que por cierto era la <strong>mismitica<\/strong> que el a\u00f1o <strong>pasao<\/strong>.<\/p>\n\n\n\n<p>L\u00e1stima lo de los circos. De cinco que iban a venir al final solo han podido ser dos los que han podido sortear tanto impedimento. La verdad es que aquello no es sitio, dice el consistorio que se los han tenido que llevar all\u00ed porque los vecinos del embovedado protestaban pero, sea como fuese, tampoco han atinado con la soluci\u00f3n.<\/p>\n\n\n\n<p>Por otro lado, y lo mejor del d\u00eda, <em>Papa-Antonio<\/em> ha llegado este mediod\u00eda con una gallina nueva para nuestro corral y cinco pollitos, uno para cada nieto que reparti\u00f3 al gusto de cada cual y yo me he quedado con el que no quer\u00eda nadie. Veremos a ver en cuantos se quedan\u2026<\/p>\n\n\n\n<p>De momento, nos ha costado encontrar una <em>cajita<\/em> para meterlos mientras crecen un poco al calor del hogar pero Paquito y Anto\u00f1ito ya estaban diciendo que iban a ense\u00f1ar a volar a los suyos mientras los empujaban desde la esquina del repostero de su casa\u2026 <\/p>\n\n\n\n<p>\u00a1Mira que son brutos! De buenas ganas se los quitaba pero me he tenido que conformar con darles cuatro <em>vocinazos<\/em> (de voz) cuando los he visto con el invento aereon\u00e1utico.<\/p>\n\n\n\n<p>A la gallina nueva, el abuelo le ha puesto de nombre Reina Mora, y de momento parece que ha hecho buenas migas con Lana. El m\u00edo se llama <em>Pirri<\/em> de <em>pirriaque<\/em>, por lo chico y <em>canijillo<\/em> que es que no s\u00e9 si lo voy a poder sacar <strong>pa\u2019lante<\/strong>, el de Adora, <em>Beb\u00e9<\/em>, que de pronto le ha <strong>entrao<\/strong> un instinto maternal inaudito, y el de Carmelita de momento solo de llama <em>Pollito<\/em>\u2026<\/p>\n\n\n\n<div class=\"wp-block-image is-style-default\"><figure class=\"aligncenter size-large is-resized\"><img loading=\"lazy\" decoding=\"async\" src=\"http:\/\/www.diarioalbayzinera.com\/wp-content\/uploads\/2020\/04\/barrada_rubia01.jpg\" alt=\"\" class=\"wp-image-1762\" width=\"125\" height=\"125\" srcset=\"http:\/\/www.diarioalbayzinera.com\/wp-content\/uploads\/2020\/04\/barrada_rubia01.jpg 250w, http:\/\/www.diarioalbayzinera.com\/wp-content\/uploads\/2020\/04\/barrada_rubia01-150x150.jpg 150w\" sizes=\"(max-width: 125px) 100vw, 125px\" \/><\/figure><\/div>\n","protected":false},"excerpt":{"rendered":"<p>Querido Diario: Pues anoche fue la primera velada en los paseos y jardines del sal\u00f3n, concurriendo desde primera hora much\u00edsimo p\u00fablico, y los carruajes y autom\u00f3viles que paseaban por la zona eran todo un espect\u00e1culo. La Banda Municipal ameniz\u00f3 la velada durando la animaci\u00f3n hasta las doce de la noche que se apag\u00f3 la iluminaci\u00f3n, [&hellip;]<\/p>\n","protected":false},"author":2,"featured_media":0,"comment_status":"open","ping_status":"open","sticky":false,"template":"","format":"standard","meta":{"footnotes":""},"categories":[111],"tags":[28,40,88,42,70,136,31,137,52,29],"_links":{"self":[{"href":"http:\/\/www.diarioalbayzinera.com\/index.php\/wp-json\/wp\/v2\/posts\/2106"}],"collection":[{"href":"http:\/\/www.diarioalbayzinera.com\/index.php\/wp-json\/wp\/v2\/posts"}],"about":[{"href":"http:\/\/www.diarioalbayzinera.com\/index.php\/wp-json\/wp\/v2\/types\/post"}],"author":[{"embeddable":true,"href":"http:\/\/www.diarioalbayzinera.com\/index.php\/wp-json\/wp\/v2\/users\/2"}],"replies":[{"embeddable":true,"href":"http:\/\/www.diarioalbayzinera.com\/index.php\/wp-json\/wp\/v2\/comments?post=2106"}],"version-history":[{"count":3,"href":"http:\/\/www.diarioalbayzinera.com\/index.php\/wp-json\/wp\/v2\/posts\/2106\/revisions"}],"predecessor-version":[{"id":4478,"href":"http:\/\/www.diarioalbayzinera.com\/index.php\/wp-json\/wp\/v2\/posts\/2106\/revisions\/4478"}],"wp:attachment":[{"href":"http:\/\/www.diarioalbayzinera.com\/index.php\/wp-json\/wp\/v2\/media?parent=2106"}],"wp:term":[{"taxonomy":"category","embeddable":true,"href":"http:\/\/www.diarioalbayzinera.com\/index.php\/wp-json\/wp\/v2\/categories?post=2106"},{"taxonomy":"post_tag","embeddable":true,"href":"http:\/\/www.diarioalbayzinera.com\/index.php\/wp-json\/wp\/v2\/tags?post=2106"}],"curies":[{"name":"wp","href":"https:\/\/api.w.org\/{rel}","templated":true}]}}