{"id":1997,"date":"2020-05-27T19:55:00","date_gmt":"2020-05-27T17:55:00","guid":{"rendered":"http:\/\/www.diarioalbayzinera.com\/?p=1997"},"modified":"2022-07-04T10:58:27","modified_gmt":"2022-07-04T08:58:27","slug":"27-mayo-de-1920-jueves","status":"publish","type":"post","link":"http:\/\/www.diarioalbayzinera.com\/index.php\/2020\/05\/27\/27-mayo-de-1920-jueves\/","title":{"rendered":"27 MAYO DE 1920, JUEVES"},"content":{"rendered":"\n<figure class=\"wp-block-audio\"><audio controls src=\"http:\/\/www.diarioalbayzinera.com\/wp-content\/uploads\/2020\/05\/27-Mayo.wav\"><\/audio><figcaption>Narrado por la autora<br>MaRGaRiTa MaR\u00edN<br><br><br><\/figcaption><\/figure>\n\n\n\n<p>Querido Diario:<\/p>\n\n\n\n<p>Ya est\u00e1 preparando el Centro Art\u00edstico su tradicional exposici\u00f3n de objetos antiguos que como cada a\u00f1o desde 1883 viene realizando para las Fiestas del Corpus: Pelucas, abanicos, mantillas, trajes, atav\u00edos, joyas, adornos o cualquier objeto de arte antiguo digno de admiraci\u00f3n y que nos recuerden el esplendor y poder\u00edo que se alcanz\u00f3 con la llegada de los Reyes Cat\u00f3licos a Granada.<\/p>\n\n\n\n<p>Van con el tiempo <strong>justillo<\/strong> pero seguro que consiguen sacarla adelante, esta gente de Centro Art\u00edstico no paran y tienen un poder de convocatoria espectacular. Seguro les queda bien bonita como siempre pero a\u00fan no se sabe d\u00f3nde ser\u00e1 porque la casa consistorial que les ceda el Ayuntamiento depender\u00e1 en gran medida de la cantidad de objetos que consigan recolectar.<\/p>\n\n\n\n<p>Anoche en plaza de Mariana Pineda,&nbsp;como cada a\u00f1o, se celebr\u00f3 la tradicional velada en honor a nuestra hero\u00edna local. La plaza estaba entera adornada con luces el\u00e9ctricas y banderas con los colores nacionales. Y la estatua tambi\u00e9n adornada con luces y flores.<\/p>\n\n\n\n<p>La Banda Municipal toc\u00f3 piezas de las m\u00e1s selectas de su repertorio, y estuvo <em>concurrid\u00edsimo<\/em> de gente desde primera hora de la tarde hasta las 12 de la noche que acab\u00f3. Hoy hay velada otra vez. A ver si acabo pronto con la tarea y podemos darnos otro <em>garbeo<\/em> hoy por all\u00ed.<\/p>\n\n\n\n<figure class=\"wp-block-embed-youtube wp-block-embed is-type-video is-provider-youtube wp-embed-aspect-4-3 wp-has-aspect-ratio\"><div class=\"wp-block-embed__wrapper\">\n<iframe loading=\"lazy\" title=\"MUJERES EN LA HISTORIA   Mariana Pineda 02&#039;49\" width=\"600\" height=\"450\" src=\"https:\/\/www.youtube.com\/embed\/pD9yHukfz7s?feature=oembed\" frameborder=\"0\" allow=\"accelerometer; autoplay; clipboard-write; encrypted-media; gyroscope; picture-in-picture\" allowfullscreen><\/iframe>\n<\/div><\/figure>\n","protected":false},"excerpt":{"rendered":"<p>Querido Diario: Ya est\u00e1 preparando el Centro Art\u00edstico su tradicional exposici\u00f3n de objetos antiguos que como cada a\u00f1o desde 1883 viene realizando para las Fiestas del Corpus: Pelucas, abanicos, mantillas, trajes, atav\u00edos, joyas, adornos o cualquier objeto de arte antiguo digno de admiraci\u00f3n y que nos recuerden el esplendor y poder\u00edo que se alcanz\u00f3 con [&hellip;]<\/p>\n","protected":false},"author":2,"featured_media":0,"comment_status":"open","ping_status":"open","sticky":false,"template":"","format":"standard","meta":{"footnotes":""},"categories":[109],"tags":[32,34,117,107,29],"_links":{"self":[{"href":"http:\/\/www.diarioalbayzinera.com\/index.php\/wp-json\/wp\/v2\/posts\/1997"}],"collection":[{"href":"http:\/\/www.diarioalbayzinera.com\/index.php\/wp-json\/wp\/v2\/posts"}],"about":[{"href":"http:\/\/www.diarioalbayzinera.com\/index.php\/wp-json\/wp\/v2\/types\/post"}],"author":[{"embeddable":true,"href":"http:\/\/www.diarioalbayzinera.com\/index.php\/wp-json\/wp\/v2\/users\/2"}],"replies":[{"embeddable":true,"href":"http:\/\/www.diarioalbayzinera.com\/index.php\/wp-json\/wp\/v2\/comments?post=1997"}],"version-history":[{"count":5,"href":"http:\/\/www.diarioalbayzinera.com\/index.php\/wp-json\/wp\/v2\/posts\/1997\/revisions"}],"predecessor-version":[{"id":4463,"href":"http:\/\/www.diarioalbayzinera.com\/index.php\/wp-json\/wp\/v2\/posts\/1997\/revisions\/4463"}],"wp:attachment":[{"href":"http:\/\/www.diarioalbayzinera.com\/index.php\/wp-json\/wp\/v2\/media?parent=1997"}],"wp:term":[{"taxonomy":"category","embeddable":true,"href":"http:\/\/www.diarioalbayzinera.com\/index.php\/wp-json\/wp\/v2\/categories?post=1997"},{"taxonomy":"post_tag","embeddable":true,"href":"http:\/\/www.diarioalbayzinera.com\/index.php\/wp-json\/wp\/v2\/tags?post=1997"}],"curies":[{"name":"wp","href":"https:\/\/api.w.org\/{rel}","templated":true}]}}