{"id":1983,"date":"2020-05-23T19:55:00","date_gmt":"2020-05-23T17:55:00","guid":{"rendered":"http:\/\/www.diarioalbayzinera.com\/?p=1983"},"modified":"2022-06-16T12:30:21","modified_gmt":"2022-06-16T10:30:21","slug":"23-mayo-de-1920-domingo","status":"publish","type":"post","link":"http:\/\/www.diarioalbayzinera.com\/index.php\/2020\/05\/23\/23-mayo-de-1920-domingo\/","title":{"rendered":"23 MAYO DE 1920, DOMINGO"},"content":{"rendered":"\n<figure class=\"wp-block-audio\"><audio controls src=\"http:\/\/www.diarioalbayzinera.com\/wp-content\/uploads\/2020\/05\/23-Mayo.wav\"><\/audio><figcaption>Narrado por la autora<br>MaRGaRiTa MaR\u00edN<br><br><br><\/figcaption><\/figure>\n\n\n\n<p>Querido Diario:<\/p>\n\n\n\n<p>Hoy despu\u00e9s de ir a misa esta ma\u00f1ana, <strong>n\u00e1<\/strong> m\u00e1s llegar a casa, ya ha sacado la guitarra <em>Papa-Antonio<\/em>.<\/p>\n\n\n\n<p>El abuelo es llegar la primavera, los d\u00edas previos al Corpus, y ya hasta el final del verano, y coger su guitarra <em>a darle que te pego<\/em> en los <em>ratillos muertos<\/em>. Hace un par de a\u00f1os que para calentar los dedos antes de empezar a practicar su repertorio, toca el <em>Tico Tico<\/em>, para ir cogiendo soltura y velocidad en el movimiento de dedos y cambios de trastes, pero el hombre est\u00e1 ya mayor y su agilidad digital va decayendo, y cada vez que se atranca, vuelta a empezar desde el principio.<\/p>\n\n\n\n<p>Es una canci\u00f3n brasile\u00f1a muy divertida la verdad, pero lleva dos d\u00edas y estoy ya de Tico Tico hasta el <em>perico<\/em>.&nbsp;<\/p>\n\n\n\n<p>\u00a1Qu\u00e9 antiguo me ha quedado lo del perico! \u00bfNo?<\/p>\n\n\n\n<p>Ya ves, yo que siempre digo eso de que <em>\u201cesto es m\u00e1s antiguo que peinarse con la raya en medio\u201d<\/em>, \u00a1no te digo ya peinarse con perico!<\/p>\n\n\n\n<p>A m\u00ed lo de los postizos de pelo la verdad que no me gustan aunque hay muchas se\u00f1oras de post\u00edn que los siguen utilizando. Hombre, pericos ya no, pero trenzas para mo\u00f1os s\u00ed que se ven de vez en cuando. <strong>N\u00e1<\/strong>, pelo muerto. Con lo fresquita y<em> <\/em><strong>ase\u00e1<\/strong> que va una con la melena corta. Y si no corta, al menos, recogida en un mo\u00f1o bajo sin mucha floritura.<\/p>\n\n\n\n<p>Como yo soy tan <em>chiquitica<\/em> y <em>poquita<\/em> cosa, Madre siempre dice que tengo que llevar una melena <em>cortica<\/em> al hombro lo suficiente larga para poderla recoger pero lo suficientemente corta como para que no se me vaya a ir la salud por el pelo. Y as\u00ed la llevo. Con mis ondas que todas las noches me pongo mis pinzas <strong>pa\u2019que<\/strong> se me marquen bien, y un <em>mo\u00f1ico<\/em> bajo para recog\u00e9rmelo los d\u00edas de trabajo. Y tan fresquita y mona y <strong>arregl\u00e1 <\/strong>que voy.<\/p>\n\n\n\n<p><em>No hay <\/em><strong>n\u00e1<\/strong> como una melena <strong>sane\u00e1<\/strong>.<\/p>\n\n\n\n<div class=\"wp-block-image\"><figure class=\"aligncenter size-large is-resized\"><img loading=\"lazy\" decoding=\"async\" src=\"http:\/\/www.diarioalbayzinera.com\/wp-content\/uploads\/2020\/05\/20191214_135159-1-655x1024.jpg\" alt=\"\" class=\"wp-image-1938\" width=\"164\" height=\"256\" srcset=\"http:\/\/www.diarioalbayzinera.com\/wp-content\/uploads\/2020\/05\/20191214_135159-1-655x1024.jpg 655w, http:\/\/www.diarioalbayzinera.com\/wp-content\/uploads\/2020\/05\/20191214_135159-1-192x300.jpg 192w, http:\/\/www.diarioalbayzinera.com\/wp-content\/uploads\/2020\/05\/20191214_135159-1-768x1201.jpg 768w, http:\/\/www.diarioalbayzinera.com\/wp-content\/uploads\/2020\/05\/20191214_135159-1-982x1536.jpg 982w, http:\/\/www.diarioalbayzinera.com\/wp-content\/uploads\/2020\/05\/20191214_135159-1-1309x2048.jpg 1309w, http:\/\/www.diarioalbayzinera.com\/wp-content\/uploads\/2020\/05\/20191214_135159-1-1240x1940.jpg 1240w, http:\/\/www.diarioalbayzinera.com\/wp-content\/uploads\/2020\/05\/20191214_135159-1-508x795.jpg 508w, http:\/\/www.diarioalbayzinera.com\/wp-content\/uploads\/2020\/05\/20191214_135159-1-scaled.jpg 1636w\" sizes=\"(max-width: 164px) 100vw, 164px\" \/><figcaption>Conchita Cuesta Cuadros<\/figcaption><\/figure><\/div>\n\n\n\n<p><\/p>\n","protected":false},"excerpt":{"rendered":"<p>Querido Diario: Hoy despu\u00e9s de ir a misa esta ma\u00f1ana, n\u00e1 m\u00e1s llegar a casa, ya ha sacado la guitarra Papa-Antonio. El abuelo es llegar la primavera, los d\u00edas previos al Corpus, y ya hasta el final del verano, y coger su guitarra a darle que te pego en los ratillos muertos. Hace un par [&hellip;]<\/p>\n","protected":false},"author":2,"featured_media":0,"comment_status":"open","ping_status":"open","sticky":false,"template":"","format":"standard","meta":{"footnotes":""},"categories":[109],"tags":[31,117,107,35],"_links":{"self":[{"href":"http:\/\/www.diarioalbayzinera.com\/index.php\/wp-json\/wp\/v2\/posts\/1983"}],"collection":[{"href":"http:\/\/www.diarioalbayzinera.com\/index.php\/wp-json\/wp\/v2\/posts"}],"about":[{"href":"http:\/\/www.diarioalbayzinera.com\/index.php\/wp-json\/wp\/v2\/types\/post"}],"author":[{"embeddable":true,"href":"http:\/\/www.diarioalbayzinera.com\/index.php\/wp-json\/wp\/v2\/users\/2"}],"replies":[{"embeddable":true,"href":"http:\/\/www.diarioalbayzinera.com\/index.php\/wp-json\/wp\/v2\/comments?post=1983"}],"version-history":[{"count":3,"href":"http:\/\/www.diarioalbayzinera.com\/index.php\/wp-json\/wp\/v2\/posts\/1983\/revisions"}],"predecessor-version":[{"id":4452,"href":"http:\/\/www.diarioalbayzinera.com\/index.php\/wp-json\/wp\/v2\/posts\/1983\/revisions\/4452"}],"wp:attachment":[{"href":"http:\/\/www.diarioalbayzinera.com\/index.php\/wp-json\/wp\/v2\/media?parent=1983"}],"wp:term":[{"taxonomy":"category","embeddable":true,"href":"http:\/\/www.diarioalbayzinera.com\/index.php\/wp-json\/wp\/v2\/categories?post=1983"},{"taxonomy":"post_tag","embeddable":true,"href":"http:\/\/www.diarioalbayzinera.com\/index.php\/wp-json\/wp\/v2\/tags?post=1983"}],"curies":[{"name":"wp","href":"https:\/\/api.w.org\/{rel}","templated":true}]}}