{"id":1873,"date":"2020-05-06T19:55:00","date_gmt":"2020-05-06T17:55:00","guid":{"rendered":"http:\/\/www.diarioalbayzinera.com\/?p=1873"},"modified":"2022-06-12T11:27:16","modified_gmt":"2022-06-12T09:27:16","slug":"1873","status":"publish","type":"post","link":"http:\/\/www.diarioalbayzinera.com\/index.php\/2020\/05\/06\/1873\/","title":{"rendered":"6 MAYO DE 1920, JUEVES"},"content":{"rendered":"\n<figure class=\"wp-block-audio\"><audio controls src=\"http:\/\/www.diarioalbayzinera.com\/wp-content\/uploads\/2020\/05\/06-Mayo.wav\"><\/audio><figcaption>Narrado por la autora<br>MaRGaRiTa MaR\u00edN<br><br><br><\/figcaption><\/figure>\n\n\n\n<p>Querido Diario:<\/p>\n\n\n\n<p>Esta tarde\u00a0de <em>cinco a siete<\/em>, la Banda Municipal ha tocado para el barrio de San Jos\u00e9, en San Nicol\u00e1s: <em>El Gato Mont\u00e9s, La Canci\u00f3n del Soldado, Molinos de Viento, Las Alegr\u00edas de Vivac,<\/em> una selecci\u00f3n de zarzuelas y para concluir <em>Brisas Andaluzas<\/em> de Jos\u00e9 Power.<\/p>\n\n\n\n<p>Los del Salvador han pedido retrasarlo a la semana que viene para que encaje con sus fiestas de la Ascenci\u00f3n.<\/p>\n\n\n\n<p>\u00a1Pa\u2019fiestas que estamos!<em> (<\/em><strong>\u00bfaeh?<\/strong><em>)<\/em><\/p>\n\n\n\n<p>Se han empe\u00f1ado en subir el pan y lo subir\u00e1n. Los panaderos que dicen que los harineros les han subido el precio de la harina, los harineros que les han subido el precio del trigo, y los del trigo var\u00edan sus razones dependiendo del d\u00eda.<\/p>\n\n\n\n<p>Ayer el Alcalde se reuni\u00f3 con panaderos y harineros&nbsp; porque dec\u00edan que o se sub\u00eda el precio del pan o hoy ya cerraban sus establecimientos, Y tras intercambiar impresiones llegaron a un acuerdo provisional de 15 d\u00edas de duraci\u00f3n, mientras el Alcalde y el Gobernador Civil consiguen traer el trigo decomisado en algunos pueblos de la provincia.<\/p>\n\n\n\n<p>As\u00ed que, los harineros se han comprometido en estos d\u00edas a no subir el precio de la arroba (11,5Kg) de 36 reales y los panaderos ofrecieron durante este plazo no elevar el precio del pan.<\/p>\n\n\n\n<p>Esto del pan nos va a salir caro y no lo digo por el precio, sino porque jugar con el hambre de la gente para especular comercialmente puede ser peligroso. Veremos a ver, veremos a ver\u2026<\/p>\n\n\n\n<p>De momento Lana ya ha puesto su primer huevo y dice mi madre que en cuanto junte tres nos hace una <em>tortillica<\/em> de papas con cebolla para celebrarlo.<\/p>\n\n\n\n<p>\u00a1<em><strong>Ummm<\/strong><\/em>, qu\u00e9 rica, <em>mare<\/em> m\u00eda!<\/p>\n\n\n\n<p>A ver si se arranca ya la gallina y se da una bulla poniendo que pudi\u00e9ramos comernos una <em>tortillica <\/em><strong>g\u00fcena pa\u2019l <\/strong>domingo.<\/p>\n\n\n\n<p>Normalmente los ni\u00f1os no comen huevos, pero como la gallina es m\u00eda y es para celebrarlo en familia, Madre <em>se ha <\/em><strong>estirao<\/strong> con la oferta\u2026<\/p>\n\n\n\n<div class=\"wp-block-image is-style-rounded\"><figure class=\"aligncenter size-large is-resized\"><img loading=\"lazy\" decoding=\"async\" src=\"http:\/\/www.diarioalbayzinera.com\/wp-content\/uploads\/2020\/05\/huevera-mia.jpg\" alt=\"\" class=\"wp-image-2117\" width=\"180\" height=\"240\" srcset=\"http:\/\/www.diarioalbayzinera.com\/wp-content\/uploads\/2020\/05\/huevera-mia.jpg 720w, http:\/\/www.diarioalbayzinera.com\/wp-content\/uploads\/2020\/05\/huevera-mia-225x300.jpg 225w, http:\/\/www.diarioalbayzinera.com\/wp-content\/uploads\/2020\/05\/huevera-mia-508x677.jpg 508w\" sizes=\"(max-width: 180px) 100vw, 180px\" \/><\/figure><\/div>\n","protected":false},"excerpt":{"rendered":"<p>Querido Diario: Esta tarde\u00a0de cinco a siete, la Banda Municipal ha tocado para el barrio de San Jos\u00e9, en San Nicol\u00e1s: El Gato Mont\u00e9s, La Canci\u00f3n del Soldado, Molinos de Viento, Las Alegr\u00edas de Vivac, una selecci\u00f3n de zarzuelas y para concluir Brisas Andaluzas de Jos\u00e9 Power. Los del Salvador han pedido retrasarlo a la [&hellip;]<\/p>\n","protected":false},"author":2,"featured_media":0,"comment_status":"open","ping_status":"open","sticky":false,"template":"","format":"standard","meta":{"footnotes":""},"categories":[109],"tags":[88,117,107,45],"_links":{"self":[{"href":"http:\/\/www.diarioalbayzinera.com\/index.php\/wp-json\/wp\/v2\/posts\/1873"}],"collection":[{"href":"http:\/\/www.diarioalbayzinera.com\/index.php\/wp-json\/wp\/v2\/posts"}],"about":[{"href":"http:\/\/www.diarioalbayzinera.com\/index.php\/wp-json\/wp\/v2\/types\/post"}],"author":[{"embeddable":true,"href":"http:\/\/www.diarioalbayzinera.com\/index.php\/wp-json\/wp\/v2\/users\/2"}],"replies":[{"embeddable":true,"href":"http:\/\/www.diarioalbayzinera.com\/index.php\/wp-json\/wp\/v2\/comments?post=1873"}],"version-history":[{"count":7,"href":"http:\/\/www.diarioalbayzinera.com\/index.php\/wp-json\/wp\/v2\/posts\/1873\/revisions"}],"predecessor-version":[{"id":4409,"href":"http:\/\/www.diarioalbayzinera.com\/index.php\/wp-json\/wp\/v2\/posts\/1873\/revisions\/4409"}],"wp:attachment":[{"href":"http:\/\/www.diarioalbayzinera.com\/index.php\/wp-json\/wp\/v2\/media?parent=1873"}],"wp:term":[{"taxonomy":"category","embeddable":true,"href":"http:\/\/www.diarioalbayzinera.com\/index.php\/wp-json\/wp\/v2\/categories?post=1873"},{"taxonomy":"post_tag","embeddable":true,"href":"http:\/\/www.diarioalbayzinera.com\/index.php\/wp-json\/wp\/v2\/tags?post=1873"}],"curies":[{"name":"wp","href":"https:\/\/api.w.org\/{rel}","templated":true}]}}