{"id":1402,"date":"2020-03-28T20:00:00","date_gmt":"2020-03-28T19:00:00","guid":{"rendered":"http:\/\/www.diarioalbayzinera.com\/?p=1402"},"modified":"2022-02-05T09:16:30","modified_gmt":"2022-02-05T08:16:30","slug":"28-marzo-de-1920-domingo","status":"publish","type":"post","link":"http:\/\/www.diarioalbayzinera.com\/index.php\/2020\/03\/28\/28-marzo-de-1920-domingo\/","title":{"rendered":"28 MARZO DE 1920, DOMINGO"},"content":{"rendered":"\n<figure class=\"wp-block-audio\"><audio controls src=\"http:\/\/www.diarioalbayzinera.com\/wp-content\/uploads\/2020\/02\/28-Marzo.wav\"><\/audio><figcaption>Narrado por la autora<br>MaRGaRiTa MaR\u00edN<br><br><br><\/figcaption><\/figure>\n\n\n\n<p>Querido Diario:<\/p>\n\n\n\n<p>Hoy manifestaci\u00f3n pac\u00edfica y multitudinaria de hombres, se calculan que 9.000, para reclamar una pol\u00edtica decorosa, una administraci\u00f3n honesta y que el Sr. Ortega Molina siga siendo nuestro alcalde apartando a Granada de las viejas maniobras caciquiles, y terminando el recorrido que parti\u00f3 del Campillo, en el 18 de la Gran V\u00eda, donde vive D. Antonio, siendo aclamado para que saliera al balc\u00f3n, pero el hombre no estaba en casa.<\/p>\n\n\n\n<p>Ya no se me ocurre qu\u00e9 m\u00e1s se pueda hacer por abolir tanto desprop\u00f3sito. Est\u00e1 ya m\u00e1s que claro qu\u00e9 es lo que quieren los vecinos de Granada.<\/p>\n\n\n\n<p>El drama para m\u00ed es que hoy era Domingo de Ramos y <em>quien no estrena no tiene manos<\/em>. Esto ha sido un <em>\u201cno-parar\u201d<\/em> las \u00faltimas semanas. Hoy ni fuimos a misa esta ma\u00f1ana porque a\u00fan quedaban algunos encargos pendientes de rematar para la puesta de hoy. <\/p>\n\n\n\n<p>Hemos ido tan <strong>apret\u00e1h<\/strong> que hasta yo he tenido estos d\u00edas que empezar ya a coser cogiendo falsos y rematando ojales para dar abasto con la tarea. Y lo peor: \u00a1mi abrigo sin terminar! Total, ver\u00e1s que hoy me quedo sin la procesi\u00f3n de las Palmas de San Andr\u00e9s por quedarme terminando lo m\u00edo. <\/p>\n\n\n\n<p>Ahora en cuanto termine de escribir me pongo un rato m\u00e1s con \u00e9l que si no al final voy a ser yo la que me quede sin estrenar\u2026 \u00a1Estar\u00eda de ver despu\u00e9s del <em>mesecico<\/em> que llevo<em> dando <\/em><strong>punt\u00e1h<\/strong>! <\/p>\n\n\n\n<p>Con lo que tengo encima hoy, Carmelita, con lo chica que es, va y me dice antes de salir para la procesi\u00f3n<\/p>\n\n\n\n<p>-\u00bfY por qu\u00e9 no hiciste tu abrigo lo primero?<\/p>\n\n\n\n<p>Y le respondo yo, inocente de m\u00ed:<em> &#8211; Porque hab\u00eda muchos encargos pendientes por acabar.<\/em><\/p>\n\n\n\n<p><em>-Pues que los hubieran encargao con m\u00e1s tiempo, t\u00fa abrigo estaba <strong>pensao<\/strong> de antes.<\/em><\/p>\n\n\n\n<p><em>\u00a1La mare que la pari\u00f3!<\/em> Miedo me da cuando se haga mayor y ponga en pr\u00e1ctica sus l\u00f3gicas aplastantes. \u00a1Qu\u00e9 arte tiene la <em>piticlara<\/em> esta! <\/p>\n\n\n\n<p>\u00a1Ay, que bonica es! Tan chica y tan <strong>resabi\u00e1<\/strong>. <\/p>\n\n\n\n<p>Para el Corpus tendr\u00e9 en\ncuenta su sabidur\u00eda infantil y empezar\u00e9 a coserme lo m\u00edo antes que lo de nadie,\nen cuanto acabemos con la temporada de Pascua, para que no me pille el tren.<\/p>\n\n\n\n<p>\u00a1Hasta le voy a hacer un <em>vestidillo<\/em> a ella! Ya lo tengo hasta <strong>pensao<\/strong>. Lo vi en una revista vieja de patrones de madre: Un<em> vestidico<\/em> de falla, guarnecido con bieses del mismo pa\u00f1o bordados a la inglesa. Una preciosidad, pero el color a\u00fan no lo tengo claro, no s\u00e9 si en azul pastel o palo de rosa. <\/p>\n\n\n\n<p>Primero, le preguntar\u00e9 a ella qu\u00e9 prefiere, que con lo <em>Marisabidilla<\/em> que es cualquiera le hace algo fuera de su gusto.<\/p>\n\n\n\n<p>Me voy a seguir cosiendo mi abrigo que me quedan cuatro remates locos. A ver si llego al encierro al menos. <\/p>\n\n\n\n<div class=\"wp-block-image is-style-circle-mask\"><figure class=\"aligncenter size-large is-resized\"><img loading=\"lazy\" decoding=\"async\" src=\"http:\/\/www.diarioalbayzinera.com\/wp-content\/uploads\/2019\/11\/pa\u00f1uelo-bordado-pecas-copia-10.jpg\" alt=\"\" class=\"wp-image-392\" width=\"111\" height=\"111\" srcset=\"http:\/\/www.diarioalbayzinera.com\/wp-content\/uploads\/2019\/11\/pa\u00f1uelo-bordado-pecas-copia-10.jpg 442w, http:\/\/www.diarioalbayzinera.com\/wp-content\/uploads\/2019\/11\/pa\u00f1uelo-bordado-pecas-copia-10-300x300.jpg 300w, http:\/\/www.diarioalbayzinera.com\/wp-content\/uploads\/2019\/11\/pa\u00f1uelo-bordado-pecas-copia-10-150x150.jpg 150w\" sizes=\"(max-width: 111px) 100vw, 111px\" \/><\/figure><\/div>\n","protected":false},"excerpt":{"rendered":"<p>Querido Diario: Hoy manifestaci\u00f3n pac\u00edfica y multitudinaria de hombres, se calculan que 9.000, para reclamar una pol\u00edtica decorosa, una administraci\u00f3n honesta y que el Sr. Ortega Molina siga siendo nuestro alcalde apartando a Granada de las viejas maniobras caciquiles, y terminando el recorrido que parti\u00f3 del Campillo, en el 18 de la Gran V\u00eda, donde [&hellip;]<\/p>\n","protected":false},"author":2,"featured_media":0,"comment_status":"open","ping_status":"open","sticky":false,"template":"","format":"standard","meta":{"footnotes":""},"categories":[24],"tags":[42,85,31,95,89,45,113,29,35],"_links":{"self":[{"href":"http:\/\/www.diarioalbayzinera.com\/index.php\/wp-json\/wp\/v2\/posts\/1402"}],"collection":[{"href":"http:\/\/www.diarioalbayzinera.com\/index.php\/wp-json\/wp\/v2\/posts"}],"about":[{"href":"http:\/\/www.diarioalbayzinera.com\/index.php\/wp-json\/wp\/v2\/types\/post"}],"author":[{"embeddable":true,"href":"http:\/\/www.diarioalbayzinera.com\/index.php\/wp-json\/wp\/v2\/users\/2"}],"replies":[{"embeddable":true,"href":"http:\/\/www.diarioalbayzinera.com\/index.php\/wp-json\/wp\/v2\/comments?post=1402"}],"version-history":[{"count":5,"href":"http:\/\/www.diarioalbayzinera.com\/index.php\/wp-json\/wp\/v2\/posts\/1402\/revisions"}],"predecessor-version":[{"id":4268,"href":"http:\/\/www.diarioalbayzinera.com\/index.php\/wp-json\/wp\/v2\/posts\/1402\/revisions\/4268"}],"wp:attachment":[{"href":"http:\/\/www.diarioalbayzinera.com\/index.php\/wp-json\/wp\/v2\/media?parent=1402"}],"wp:term":[{"taxonomy":"category","embeddable":true,"href":"http:\/\/www.diarioalbayzinera.com\/index.php\/wp-json\/wp\/v2\/categories?post=1402"},{"taxonomy":"post_tag","embeddable":true,"href":"http:\/\/www.diarioalbayzinera.com\/index.php\/wp-json\/wp\/v2\/tags?post=1402"}],"curies":[{"name":"wp","href":"https:\/\/api.w.org\/{rel}","templated":true}]}}