{"id":1390,"date":"2020-03-24T20:00:00","date_gmt":"2020-03-24T19:00:00","guid":{"rendered":"http:\/\/www.diarioalbayzinera.com\/?p=1390"},"modified":"2022-02-05T08:46:23","modified_gmt":"2022-02-05T07:46:23","slug":"24-marzo-de-1920-miercoles","status":"publish","type":"post","link":"http:\/\/www.diarioalbayzinera.com\/index.php\/2020\/03\/24\/24-marzo-de-1920-miercoles\/","title":{"rendered":"24 MARZO DE 1920, MI\u00c9RCOLES"},"content":{"rendered":"\n<figure class=\"wp-block-audio\"><audio controls src=\"http:\/\/www.diarioalbayzinera.com\/wp-content\/uploads\/2020\/03\/24-Marzo.wav\"><\/audio><figcaption>Narrado por la autora<br>MaRGaRiTa MaR\u00edN<br><br><br><\/figcaption><\/figure>\n\n\n\n<p>Querido Diario:<\/p>\n\n\n\n<p>Ayer, en el Ayuntamiento,\nfue el acto de condecoraci\u00f3n de nuestro Alcalde con la Medalla de Caballero de\nla Orden Civil de Alfonso XIII de la mano del presidente de la Asociaci\u00f3n de\nFuncionarios Municipales. <\/p>\n\n\n\n<p>No se me ocurre una insignia con m\u00e1s post\u00edn, pues no s\u00f3lo recoge reconocimiento del Rey sino que tambi\u00e9n depende del Ministerio de Instrucci\u00f3n P\u00fablica y Bella Artes y no pudo ser entregada con m\u00e1s cari\u00f1o y admiraci\u00f3n hacia su persona.<\/p>\n\n\n\n<p>Cuenta Padre que en su\ndiscurso de agradecimiento cuando dijo: <\/p>\n\n\n\n<p>&#8211;<em>Cuando haya de cesar en mi cargo\u2026 &#8211; <\/em>en ese momento muchos empezaron&nbsp; decir: <em>&#8211; \u00a1No, no! <\/em><\/p>\n\n\n\n<p>Y continu\u00f3: <em>&#8211; me llevo s\u00f3lo la sensaci\u00f3n de haber cumplido con mi deber, y me considerar\u00e9 satisfecho estando siempre al servicio de Granada. \u00a1Viva Granada!- <\/em>Ah\u00ed, d\u00e1ndole un merecido final apote\u00f3sico al acto. <\/p>\n\n\n\n<p>Dice padre que fue un discurso emocionado y emocionante, y que hacen falta m\u00e1s momentos as\u00ed en el Ayuntamiento que nos recuerden a todos lo que hacemos bien y no tantas <em>gabinas<\/em> de peleas electorales.<\/p>\n\n\n\n<p>Son ya muchos lo que apoyan p\u00fablicamente la campa\u00f1a iniciada por <em>El Defensor<\/em> para que el Sr. Ortega Molina sea de nuevo el Alcalde: panaderos, estudiantes, dependientes\u2026 <\/p>\n\n\n\n<p>Todos andan mandando cartas al peri\u00f3dico apoyando la campa\u00f1a y han publicado la firma de al menos 50 o 60 personas que firman el apoyo desde la Parroquia de Santa Escol\u00e1stica.<\/p>\n\n\n\n<p>La verdad es que salvo interesados particulares en continuar viviendo de la sopa boba y del cortijo que se hab\u00edan montado <em>algunillos<\/em> para hacer y deshacer a su antojo, la opini\u00f3n popular est\u00e1 en su mayor\u00eda con el Sr. Ortega, ya no s\u00f3lo por su val\u00eda sino como una cuesti\u00f3n de honor contra pol\u00edticos desacreditados y electoreros trileros que pretenden burlarse del sentir del pueblo.<\/p>\n\n\n\n<p>Yo no entiendo de esto, pero a m\u00ed me parece que este hombre est\u00e1 encarrilando las cosas por buen camino y, lo m\u00e1s importante, sin perder la compostura. <\/p>\n\n\n\n<p>Como a\u00fan me queda vela de la Candelaria para prender, que Dios me perdone, pero yo le voy a pedir por \u00e9l, no por \u00e9l, exactamente, sino por lo que sea mejor para todos los<strong> grana\u00ednos<\/strong> que no estamos <strong>pa\u2019m\u00e1h triqui traque ni mixtoh de cruj\u00edo. <\/strong><\/p>\n\n\n\n<div class=\"wp-block-image is-style-default\"><figure class=\"aligncenter size-large is-resized\"><img loading=\"lazy\" decoding=\"async\" src=\"http:\/\/www.diarioalbayzinera.com\/wp-content\/uploads\/2020\/02\/mistos-de-cruj\u00edo.jpg\" alt=\"\" class=\"wp-image-1391\" width=\"200\" height=\"152\" srcset=\"http:\/\/www.diarioalbayzinera.com\/wp-content\/uploads\/2020\/02\/mistos-de-cruj\u00edo.jpg 400w, http:\/\/www.diarioalbayzinera.com\/wp-content\/uploads\/2020\/02\/mistos-de-cruj\u00edo-300x227.jpg 300w\" sizes=\"(max-width: 200px) 100vw, 200px\" \/><figcaption>Mistos de Crujido<\/figcaption><\/figure><\/div>\n","protected":false},"excerpt":{"rendered":"<p>Querido Diario: Ayer, en el Ayuntamiento, fue el acto de condecoraci\u00f3n de nuestro Alcalde con la Medalla de Caballero de la Orden Civil de Alfonso XIII de la mano del presidente de la Asociaci\u00f3n de Funcionarios Municipales. No se me ocurre una insignia con m\u00e1s post\u00edn, pues no s\u00f3lo recoge reconocimiento del Rey sino que [&hellip;]<\/p>\n","protected":false},"author":2,"featured_media":0,"comment_status":"open","ping_status":"open","sticky":false,"template":"","format":"standard","meta":{"footnotes":""},"categories":[24],"tags":[125,32,95,30,45],"_links":{"self":[{"href":"http:\/\/www.diarioalbayzinera.com\/index.php\/wp-json\/wp\/v2\/posts\/1390"}],"collection":[{"href":"http:\/\/www.diarioalbayzinera.com\/index.php\/wp-json\/wp\/v2\/posts"}],"about":[{"href":"http:\/\/www.diarioalbayzinera.com\/index.php\/wp-json\/wp\/v2\/types\/post"}],"author":[{"embeddable":true,"href":"http:\/\/www.diarioalbayzinera.com\/index.php\/wp-json\/wp\/v2\/users\/2"}],"replies":[{"embeddable":true,"href":"http:\/\/www.diarioalbayzinera.com\/index.php\/wp-json\/wp\/v2\/comments?post=1390"}],"version-history":[{"count":7,"href":"http:\/\/www.diarioalbayzinera.com\/index.php\/wp-json\/wp\/v2\/posts\/1390\/revisions"}],"predecessor-version":[{"id":4262,"href":"http:\/\/www.diarioalbayzinera.com\/index.php\/wp-json\/wp\/v2\/posts\/1390\/revisions\/4262"}],"wp:attachment":[{"href":"http:\/\/www.diarioalbayzinera.com\/index.php\/wp-json\/wp\/v2\/media?parent=1390"}],"wp:term":[{"taxonomy":"category","embeddable":true,"href":"http:\/\/www.diarioalbayzinera.com\/index.php\/wp-json\/wp\/v2\/categories?post=1390"},{"taxonomy":"post_tag","embeddable":true,"href":"http:\/\/www.diarioalbayzinera.com\/index.php\/wp-json\/wp\/v2\/tags?post=1390"}],"curies":[{"name":"wp","href":"https:\/\/api.w.org\/{rel}","templated":true}]}}