{"id":1304,"date":"2020-03-07T20:00:00","date_gmt":"2020-03-07T19:00:00","guid":{"rendered":"http:\/\/www.diarioalbayzinera.com\/?p=1304"},"modified":"2022-02-04T09:13:49","modified_gmt":"2022-02-04T08:13:49","slug":"7-marzo-d-1920-domingo","status":"publish","type":"post","link":"http:\/\/www.diarioalbayzinera.com\/index.php\/2020\/03\/07\/7-marzo-d-1920-domingo\/","title":{"rendered":"7 MARZO DE 1920, DOMINGO."},"content":{"rendered":"\n<figure class=\"wp-block-audio\"><audio controls src=\"http:\/\/www.diarioalbayzinera.com\/wp-content\/uploads\/2020\/03\/07-Marzo.wav\"><\/audio><figcaption>Narrado por la autora<br>MaRGaRiTa MaR\u00edN<br><br><br><\/figcaption><\/figure>\n\n\n\n<p>Querido Diario:<\/p>\n\n\n\n<p>Esta tarde ha granizado\nfuerte, todo apunta a que esta noche se avecina nevada.<\/p>\n\n\n\n<p>Han convocado una manifestaci\u00f3n para protestar por negativa del Senado a la enmienda presentada por el Sr. Garriga al proyecto de Impuestos de Utilidades. Normal. No es lo mismo 1.500 Pesetas del 1900 que 1.500 Pesetas de ahora que por lo menos se ha <strong>\u201ccuatriplicao\u201d <\/strong>el valor.<\/p>\n\n\n\n<p>Yo no entiendo mucho de eso pero poner en 3.000 Pesetas el l\u00edmite para estar exento de este impuesto no me parece tampoco que sea un desprop\u00f3sito desde esta l\u00f3gica pero\u2026 \u00bfQui\u00e9n gana eso, <em>mare<\/em>? Si el salario medio (bruto), quien lo tiene, no llega a las 38 Pesetas a la semana\u2026 <strong>Pa\u2019eso<\/strong> tiene que haber al menos dos con trabajo, y bien colocaos, en la casa. \u00a1Anda que est\u00e1n <strong>enteraos<\/strong>!<\/p>\n\n\n\n<p>Uy, como me oiga mi <strong>mae<\/strong> me la l\u00eda. Como si la estuviera viendo: <em>-\u201c\u00a1Calla ya, <strong>abog\u00e1h<\/strong> de pobres, qu\u00e9 sabr\u00e1s t\u00fa de eso!\u201d<\/em><\/p>\n\n\n\n<div class=\"wp-block-image is-style-circle-mask\"><figure class=\"aligncenter size-large is-resized\"><img loading=\"lazy\" decoding=\"async\" src=\"http:\/\/www.diarioalbayzinera.com\/wp-content\/uploads\/2019\/11\/basico-pecas-centrado-2.jpg\" alt=\"\" class=\"wp-image-109\" width=\"74\" height=\"86\" srcset=\"http:\/\/www.diarioalbayzinera.com\/wp-content\/uploads\/2019\/11\/basico-pecas-centrado-2.jpg 295w, http:\/\/www.diarioalbayzinera.com\/wp-content\/uploads\/2019\/11\/basico-pecas-centrado-2-259x300.jpg 259w\" sizes=\"(max-width: 74px) 100vw, 74px\" \/><\/figure><\/div>\n","protected":false},"excerpt":{"rendered":"<p>Querido Diario: Esta tarde ha granizado fuerte, todo apunta a que esta noche se avecina nevada. Han convocado una manifestaci\u00f3n para protestar por negativa del Senado a la enmienda presentada por el Sr. Garriga al proyecto de Impuestos de Utilidades. Normal. No es lo mismo 1.500 Pesetas del 1900 que 1.500 Pesetas de ahora que [&hellip;]<\/p>\n","protected":false},"author":2,"featured_media":0,"comment_status":"open","ping_status":"open","sticky":false,"template":"","format":"standard","meta":{"footnotes":""},"categories":[24],"tags":[104,97,95,133,46,98,120],"_links":{"self":[{"href":"http:\/\/www.diarioalbayzinera.com\/index.php\/wp-json\/wp\/v2\/posts\/1304"}],"collection":[{"href":"http:\/\/www.diarioalbayzinera.com\/index.php\/wp-json\/wp\/v2\/posts"}],"about":[{"href":"http:\/\/www.diarioalbayzinera.com\/index.php\/wp-json\/wp\/v2\/types\/post"}],"author":[{"embeddable":true,"href":"http:\/\/www.diarioalbayzinera.com\/index.php\/wp-json\/wp\/v2\/users\/2"}],"replies":[{"embeddable":true,"href":"http:\/\/www.diarioalbayzinera.com\/index.php\/wp-json\/wp\/v2\/comments?post=1304"}],"version-history":[{"count":5,"href":"http:\/\/www.diarioalbayzinera.com\/index.php\/wp-json\/wp\/v2\/posts\/1304\/revisions"}],"predecessor-version":[{"id":4234,"href":"http:\/\/www.diarioalbayzinera.com\/index.php\/wp-json\/wp\/v2\/posts\/1304\/revisions\/4234"}],"wp:attachment":[{"href":"http:\/\/www.diarioalbayzinera.com\/index.php\/wp-json\/wp\/v2\/media?parent=1304"}],"wp:term":[{"taxonomy":"category","embeddable":true,"href":"http:\/\/www.diarioalbayzinera.com\/index.php\/wp-json\/wp\/v2\/categories?post=1304"},{"taxonomy":"post_tag","embeddable":true,"href":"http:\/\/www.diarioalbayzinera.com\/index.php\/wp-json\/wp\/v2\/tags?post=1304"}],"curies":[{"name":"wp","href":"https:\/\/api.w.org\/{rel}","templated":true}]}}