{"id":130,"date":"2020-01-21T20:00:00","date_gmt":"2020-01-21T19:00:00","guid":{"rendered":"http:\/\/www.diarioalbayzinera.com\/?p=130"},"modified":"2022-01-21T08:11:33","modified_gmt":"2022-01-21T07:11:33","slug":"21-de-enero-de-1920-miercoles","status":"publish","type":"post","link":"http:\/\/www.diarioalbayzinera.com\/index.php\/2020\/01\/21\/21-de-enero-de-1920-miercoles\/","title":{"rendered":"21 de Enero de 1920, Mi\u00e9rcoles"},"content":{"rendered":"\n<figure class=\"wp-block-audio\"><audio controls src=\"http:\/\/www.diarioalbayzinera.com\/wp-content\/uploads\/2020\/01\/21-Enero-1.wav\"><\/audio><figcaption>Narrado por la autora<br>MaRGaRiTa MaR\u00edN<br><br><br><\/figcaption><\/figure>\n\n\n\n<p>Querido Diario:<\/p>\n\n\n\n<p>En 10 d\u00edas cumplo los 11 y Adora en poco m\u00e1s de dos meses, los 10. Pronto mis responsabilidades en el taller cambiar\u00e1n. No s\u00e9 qu\u00e9 tiene pensado madre.<\/p>\n\n\n\n<p>A m\u00ed lo de salir a comprar av\u00edos me gusta. Pasear, saludar a los transe\u00fantes, charlar con la gente, regatear algo el precio, chafardear un rato con las aprendizas con m\u00e1s intimidad\u2026 Quiz\u00e1s deber\u00eda adelantarme a los planes de madre y negociar con ella el cambio.<\/p>\n\n\n\n<p>En breve comienza la temporada de vestidos para el Domingo de Ramos, es posible que pueda convencerla de que es mejor que vaya yo a las compras porque, obviamente, aventajo en experiencia a Adora en tan delicada tarea de aprovisionamiento.<\/p>\n\n\n\n<div class=\"wp-block-image is-style-circle-mask\"><figure class=\"aligncenter size-large is-resized\"><img loading=\"lazy\" decoding=\"async\" src=\"http:\/\/www.diarioalbayzinera.com\/wp-content\/uploads\/2020\/01\/resignacion-1.jpg\" alt=\"\" class=\"wp-image-972\" width=\"100\" height=\"100\" srcset=\"http:\/\/www.diarioalbayzinera.com\/wp-content\/uploads\/2020\/01\/resignacion-1.jpg 398w, http:\/\/www.diarioalbayzinera.com\/wp-content\/uploads\/2020\/01\/resignacion-1-300x300.jpg 300w, http:\/\/www.diarioalbayzinera.com\/wp-content\/uploads\/2020\/01\/resignacion-1-150x150.jpg 150w\" sizes=\"(max-width: 100px) 100vw, 100px\" \/><\/figure><\/div>\n","protected":false},"excerpt":{"rendered":"<p>Querido Diario: En 10 d\u00edas cumplo los 11 y Adora en poco m\u00e1s de dos meses, los 10. Pronto mis responsabilidades en el taller cambiar\u00e1n. No s\u00e9 qu\u00e9 tiene pensado madre. A m\u00ed lo de salir a comprar av\u00edos me gusta. Pasear, saludar a los transe\u00fantes, charlar con la gente, regatear algo el precio, chafardear [&hellip;]<\/p>\n","protected":false},"author":2,"featured_media":0,"comment_status":"open","ping_status":"open","sticky":false,"template":"","format":"standard","meta":{"footnotes":""},"categories":[22],"tags":[40,26,39,35],"_links":{"self":[{"href":"http:\/\/www.diarioalbayzinera.com\/index.php\/wp-json\/wp\/v2\/posts\/130"}],"collection":[{"href":"http:\/\/www.diarioalbayzinera.com\/index.php\/wp-json\/wp\/v2\/posts"}],"about":[{"href":"http:\/\/www.diarioalbayzinera.com\/index.php\/wp-json\/wp\/v2\/types\/post"}],"author":[{"embeddable":true,"href":"http:\/\/www.diarioalbayzinera.com\/index.php\/wp-json\/wp\/v2\/users\/2"}],"replies":[{"embeddable":true,"href":"http:\/\/www.diarioalbayzinera.com\/index.php\/wp-json\/wp\/v2\/comments?post=130"}],"version-history":[{"count":6,"href":"http:\/\/www.diarioalbayzinera.com\/index.php\/wp-json\/wp\/v2\/posts\/130\/revisions"}],"predecessor-version":[{"id":4140,"href":"http:\/\/www.diarioalbayzinera.com\/index.php\/wp-json\/wp\/v2\/posts\/130\/revisions\/4140"}],"wp:attachment":[{"href":"http:\/\/www.diarioalbayzinera.com\/index.php\/wp-json\/wp\/v2\/media?parent=130"}],"wp:term":[{"taxonomy":"category","embeddable":true,"href":"http:\/\/www.diarioalbayzinera.com\/index.php\/wp-json\/wp\/v2\/categories?post=130"},{"taxonomy":"post_tag","embeddable":true,"href":"http:\/\/www.diarioalbayzinera.com\/index.php\/wp-json\/wp\/v2\/tags?post=130"}],"curies":[{"name":"wp","href":"https:\/\/api.w.org\/{rel}","templated":true}]}}