{"id":1039,"date":"2020-01-22T08:05:00","date_gmt":"2020-01-22T07:05:00","guid":{"rendered":"http:\/\/www.diarioalbayzinera.com\/?p=1039"},"modified":"2020-01-29T16:36:05","modified_gmt":"2020-01-29T15:36:05","slug":"presentacion","status":"publish","type":"post","link":"http:\/\/www.diarioalbayzinera.com\/index.php\/2020\/01\/22\/presentacion\/","title":{"rendered":"PRESENTACION"},"content":{"rendered":"\n<p>\u00abDiario de una\nAlbayzinera\u00bb es un trabajo novelado que pretende conjugar la esencia de\nlos albayzineros de ayer y de hoy en el popular barrio granadino, estableciendo\nun paralelismo entre el Albayz\u00edn de hace 100 a\u00f1os y el Albayz\u00edn actual.<\/p>\n\n\n\n<p>Para ello, Margarita Mar\u00edn Beltr\u00e1n (Animadora Sociocultural, Educadora Infantil y albayzinera de pro), construye un diario novelado, el que toma, d\u00eda por d\u00eda, la hemeroteca del Diario \u201cEl Defensor de Granada\u201d y entresaca noticias reales de hace un siglo relacionadas con la vida barrio e imagina como su abuela, Conchita Cuesta, una ni\u00f1a de 11 a\u00f1os, aprendiz de modista y amante de la lectura, podr\u00eda interpretar lo que lee cada d\u00eda en el peri\u00f3dico.<\/p>\n\n\n\n<p>Una recopilaci\u00f3n de efem\u00e9rides granadinas de 1920 ambientadas en el Albayz\u00edn de la \u00e9poca pero reinterpretadas en 2020 con el extenso legado de historias, dichos y valores familiares que 6 generaciones de mujeres albaicineras se encargaron de que llegaran hasta hoy por tradici\u00f3n oral (desde la abuela de su abuela de su abuela) y que ahora, la autora, comparte con el mundo con una f\u00f3rmula muy original, \u00e1gil, simp\u00e1tica e inclusiva, tray\u00e9ndose el concepto de \u201cNovela por Entregas\u201d del pasado y adapt\u00e1ndolo a las Nuevas Tecnolog\u00edas denomin\u00e1ndolo \u201cCiber-Novela por Entregas en formato de diario\u201d con el objeto de dar a conocer ese <em>Patrimonio Inmaterial del Albayz\u00edn<\/em>; \u00abEl Patrimonio de la Humanidad m\u00e1s HUMANO\u00bb, sus vecinos y sus vidas.<\/p>\n\n\n\n<p>Un proyecto nuevo de amplio contenido social y cultural bien documentado y contado de forma amena, sensible, sentimental&nbsp; y sencilla que la Asociaci\u00f3n de Vecinos del Barrio del Albayz\u00edn decidi\u00f3 apoyar en\u00e9rgicamente desde sus inicios y que ya cuenta con cientos de seguidores por la redes (Facebook y Twitter) y en la web (<a href=\"http:\/\/www.DiarioAlbayzinera.com\">www.DiarioAlbayzinera.com<\/a> )<\/p>\n\n\n\n<p>GRAVITE FESTIVAL (<a href=\"https:\/\/gravitefestival.com\/\">https:\/\/gravitefestival.com\/<\/a>) me pregunt\u00f3: -\u201c\u00bfQU\u00c9 PASAR\u00cdA SI EL ALBAYZ\u00cdN TUVIERA UNA M\u00c1QUINA DEL TIEMPO?- y <strong>@Conchita_1920<\/strong> le respondi\u00f3: &#8211; \u201cVEN AQU\u00cd PA\u2019C\u00c1 QUE TE LO VOY A CONTAR\u201d<\/p>\n\n\n\n<p>De esta forma, nos proponen organizar una actividad para participar dentro del programa para su pr\u00f3xima edici\u00f3n 2020 y la A.VV. del Barrio del Albayz\u00edn en colaboraci\u00f3n con la autora de<em>\u201dDiario de una Albayzinera 1920\u201d<\/em> y de <em>Tesoros de Granada<\/em>, recogemos el guante proponiendo esta GYMKANA a trav\u00e9s del Tiempo con el apoyo inestimable de la Agencia Albaic\u00edn que tambi\u00e9n se suma a viajar con nosotros 100 a\u00f1os atr\u00e1s.<\/p>\n\n\n\n<div class=\"wp-block-image is-style-circle-mask\"><figure class=\"aligncenter size-large is-resized\"><img loading=\"lazy\" decoding=\"async\" src=\"http:\/\/www.diarioalbayzinera.com\/wp-content\/uploads\/2020\/01\/lupa-remate.jpg\" alt=\"\" class=\"wp-image-997\" width=\"225\" height=\"225\" srcset=\"http:\/\/www.diarioalbayzinera.com\/wp-content\/uploads\/2020\/01\/lupa-remate.jpg 900w, http:\/\/www.diarioalbayzinera.com\/wp-content\/uploads\/2020\/01\/lupa-remate-300x300.jpg 300w, http:\/\/www.diarioalbayzinera.com\/wp-content\/uploads\/2020\/01\/lupa-remate-150x150.jpg 150w, http:\/\/www.diarioalbayzinera.com\/wp-content\/uploads\/2020\/01\/lupa-remate-768x768.jpg 768w, http:\/\/www.diarioalbayzinera.com\/wp-content\/uploads\/2020\/01\/lupa-remate-508x508.jpg 508w\" sizes=\"(max-width: 225px) 100vw, 225px\" \/><\/figure><\/div>\n","protected":false},"excerpt":{"rendered":"<p>\u00abDiario de una Albayzinera\u00bb es un trabajo novelado que pretende conjugar la esencia de los albayzineros de ayer y de hoy en el popular barrio granadino, estableciendo un paralelismo entre el Albayz\u00edn de hace 100 a\u00f1os y el Albayz\u00edn actual. Para ello, Margarita Mar\u00edn Beltr\u00e1n (Animadora Sociocultural, Educadora Infantil y albayzinera de pro), construye un [&hellip;]<\/p>\n","protected":false},"author":2,"featured_media":1159,"comment_status":"open","ping_status":"open","sticky":false,"template":"","format":"standard","meta":{"footnotes":""},"categories":[90],"tags":[],"_links":{"self":[{"href":"http:\/\/www.diarioalbayzinera.com\/index.php\/wp-json\/wp\/v2\/posts\/1039"}],"collection":[{"href":"http:\/\/www.diarioalbayzinera.com\/index.php\/wp-json\/wp\/v2\/posts"}],"about":[{"href":"http:\/\/www.diarioalbayzinera.com\/index.php\/wp-json\/wp\/v2\/types\/post"}],"author":[{"embeddable":true,"href":"http:\/\/www.diarioalbayzinera.com\/index.php\/wp-json\/wp\/v2\/users\/2"}],"replies":[{"embeddable":true,"href":"http:\/\/www.diarioalbayzinera.com\/index.php\/wp-json\/wp\/v2\/comments?post=1039"}],"version-history":[{"count":8,"href":"http:\/\/www.diarioalbayzinera.com\/index.php\/wp-json\/wp\/v2\/posts\/1039\/revisions"}],"predecessor-version":[{"id":1231,"href":"http:\/\/www.diarioalbayzinera.com\/index.php\/wp-json\/wp\/v2\/posts\/1039\/revisions\/1231"}],"wp:featuredmedia":[{"embeddable":true,"href":"http:\/\/www.diarioalbayzinera.com\/index.php\/wp-json\/wp\/v2\/media\/1159"}],"wp:attachment":[{"href":"http:\/\/www.diarioalbayzinera.com\/index.php\/wp-json\/wp\/v2\/media?parent=1039"}],"wp:term":[{"taxonomy":"category","embeddable":true,"href":"http:\/\/www.diarioalbayzinera.com\/index.php\/wp-json\/wp\/v2\/categories?post=1039"},{"taxonomy":"post_tag","embeddable":true,"href":"http:\/\/www.diarioalbayzinera.com\/index.php\/wp-json\/wp\/v2\/tags?post=1039"}],"curies":[{"name":"wp","href":"https:\/\/api.w.org\/{rel}","templated":true}]}}