{"id":1027,"date":"2020-01-22T07:54:00","date_gmt":"2020-01-22T06:54:00","guid":{"rendered":"http:\/\/www.diarioalbayzinera.com\/?p=1027"},"modified":"2020-04-01T20:30:26","modified_gmt":"2020-04-01T18:30:26","slug":"pista-6","status":"publish","type":"post","link":"http:\/\/www.diarioalbayzinera.com\/index.php\/2020\/01\/22\/pista-6\/","title":{"rendered":"pista 6"},"content":{"rendered":"\n<div class=\"wp-block-image is-style-circle-mask\"><figure class=\"aligncenter size-large is-resized\"><img loading=\"lazy\" decoding=\"async\" src=\"http:\/\/www.diarioalbayzinera.com\/wp-content\/uploads\/2020\/01\/lupa-transoarencia-1.jpg\" alt=\"\" class=\"wp-image-1005\" width=\"225\" height=\"225\" srcset=\"http:\/\/www.diarioalbayzinera.com\/wp-content\/uploads\/2020\/01\/lupa-transoarencia-1.jpg 900w, http:\/\/www.diarioalbayzinera.com\/wp-content\/uploads\/2020\/01\/lupa-transoarencia-1-300x300.jpg 300w, http:\/\/www.diarioalbayzinera.com\/wp-content\/uploads\/2020\/01\/lupa-transoarencia-1-150x150.jpg 150w, http:\/\/www.diarioalbayzinera.com\/wp-content\/uploads\/2020\/01\/lupa-transoarencia-1-768x768.jpg 768w, http:\/\/www.diarioalbayzinera.com\/wp-content\/uploads\/2020\/01\/lupa-transoarencia-1-508x508.jpg 508w\" sizes=\"(max-width: 225px) 100vw, 225px\" \/><\/figure><\/div>\n\n\n\n<p>\u00abEr Dani\u00e9h\u00bb me prest\u00f3 su bal\u00f3n nuevo un buen rato y estuve jugando con los chiquillos hasta que me cans\u00e9. Entonces tir\u00e9 por su calle   <a href=\"http:\/\/www.diarioalbayzinera.com\/index.php\/2020\/02\/02\/2-febrero-de-1920-lunes\/\">http:\/\/www.diarioalbayzinera.com\/index.php\/2020\/02\/02\/2-febrero-de-1920-lunes\/<\/a> y ya directa al Peso de la Harina a comprar el pan.<\/p>\n\n\n\n<div class=\"wp-block-image\"><figure class=\"aligncenter size-large is-resized\"><img loading=\"lazy\" decoding=\"async\" src=\"http:\/\/www.diarioalbayzinera.com\/wp-content\/uploads\/2019\/11\/20191123_155021-1-1-829x1024.jpg\" alt=\"\" class=\"wp-image-280\" width=\"207\" height=\"256\" srcset=\"http:\/\/www.diarioalbayzinera.com\/wp-content\/uploads\/2019\/11\/20191123_155021-1-1-829x1024.jpg 829w, http:\/\/www.diarioalbayzinera.com\/wp-content\/uploads\/2019\/11\/20191123_155021-1-1-243x300.jpg 243w, http:\/\/www.diarioalbayzinera.com\/wp-content\/uploads\/2019\/11\/20191123_155021-1-1-768x949.jpg 768w, http:\/\/www.diarioalbayzinera.com\/wp-content\/uploads\/2019\/11\/20191123_155021-1-1-508x628.jpg 508w, http:\/\/www.diarioalbayzinera.com\/wp-content\/uploads\/2019\/11\/20191123_155021-1-1.jpg 886w\" sizes=\"(max-width: 207px) 100vw, 207px\" \/><\/figure><\/div>\n\n\n\n<p> Manol\u00edn me dijo que si soltaba el bal\u00f3n me acompa\u00f1aba el resto del camino.  \u00a1Y pa&#8217;l Peso de la Harina que nos fuimos volando! <\/p>\n\n\n\n<p>Cantando las canciones de los <em>merceores<\/em> por todo el camino.<\/p>\n\n\n\n<div class=\"wp-block-image\"><figure class=\"aligncenter size-large\"><img loading=\"lazy\" decoding=\"async\" width=\"265\" height=\"190\" src=\"http:\/\/www.diarioalbayzinera.com\/wp-content\/uploads\/2020\/01\/peso-harina.jpg\" alt=\"\" class=\"wp-image-1029\"\/><\/figure><\/div>\n\n\n\n<div class=\"wp-block-image\"><figure class=\"aligncenter size-large is-resized\"><img loading=\"lazy\" decoding=\"async\" src=\"http:\/\/www.diarioalbayzinera.com\/wp-content\/uploads\/2020\/01\/logo_Festival_GRAVITE-1024x724.jpg\" alt=\"\" class=\"wp-image-1015\" width=\"512\" height=\"362\" srcset=\"http:\/\/www.diarioalbayzinera.com\/wp-content\/uploads\/2020\/01\/logo_Festival_GRAVITE-1024x724.jpg 1024w, http:\/\/www.diarioalbayzinera.com\/wp-content\/uploads\/2020\/01\/logo_Festival_GRAVITE-300x212.jpg 300w, http:\/\/www.diarioalbayzinera.com\/wp-content\/uploads\/2020\/01\/logo_Festival_GRAVITE-768x543.jpg 768w, http:\/\/www.diarioalbayzinera.com\/wp-content\/uploads\/2020\/01\/logo_Festival_GRAVITE-1536x1086.jpg 1536w, http:\/\/www.diarioalbayzinera.com\/wp-content\/uploads\/2020\/01\/logo_Festival_GRAVITE-2048x1448.jpg 2048w, http:\/\/www.diarioalbayzinera.com\/wp-content\/uploads\/2020\/01\/logo_Festival_GRAVITE-1240x877.jpg 1240w, http:\/\/www.diarioalbayzinera.com\/wp-content\/uploads\/2020\/01\/logo_Festival_GRAVITE-508x359.jpg 508w\" sizes=\"(max-width: 512px) 100vw, 512px\" \/><\/figure><\/div>\n","protected":false},"excerpt":{"rendered":"<p>\u00abEr Dani\u00e9h\u00bb me prest\u00f3 su bal\u00f3n nuevo un buen rato y estuve jugando con los chiquillos hasta que me cans\u00e9. Entonces tir\u00e9 por su calle http:\/\/www.diarioalbayzinera.com\/index.php\/2020\/02\/02\/2-febrero-de-1920-lunes\/ y ya directa al Peso de la Harina a comprar el pan. Manol\u00edn me dijo que si soltaba el bal\u00f3n me acompa\u00f1aba el resto del camino. \u00a1Y pa&#8217;l Peso [&hellip;]<\/p>\n","protected":false},"author":2,"featured_media":1005,"comment_status":"open","ping_status":"open","sticky":false,"template":"","format":"standard","meta":{"footnotes":""},"categories":[90],"tags":[],"_links":{"self":[{"href":"http:\/\/www.diarioalbayzinera.com\/index.php\/wp-json\/wp\/v2\/posts\/1027"}],"collection":[{"href":"http:\/\/www.diarioalbayzinera.com\/index.php\/wp-json\/wp\/v2\/posts"}],"about":[{"href":"http:\/\/www.diarioalbayzinera.com\/index.php\/wp-json\/wp\/v2\/types\/post"}],"author":[{"embeddable":true,"href":"http:\/\/www.diarioalbayzinera.com\/index.php\/wp-json\/wp\/v2\/users\/2"}],"replies":[{"embeddable":true,"href":"http:\/\/www.diarioalbayzinera.com\/index.php\/wp-json\/wp\/v2\/comments?post=1027"}],"version-history":[{"count":8,"href":"http:\/\/www.diarioalbayzinera.com\/index.php\/wp-json\/wp\/v2\/posts\/1027\/revisions"}],"predecessor-version":[{"id":1626,"href":"http:\/\/www.diarioalbayzinera.com\/index.php\/wp-json\/wp\/v2\/posts\/1027\/revisions\/1626"}],"wp:featuredmedia":[{"embeddable":true,"href":"http:\/\/www.diarioalbayzinera.com\/index.php\/wp-json\/wp\/v2\/media\/1005"}],"wp:attachment":[{"href":"http:\/\/www.diarioalbayzinera.com\/index.php\/wp-json\/wp\/v2\/media?parent=1027"}],"wp:term":[{"taxonomy":"category","embeddable":true,"href":"http:\/\/www.diarioalbayzinera.com\/index.php\/wp-json\/wp\/v2\/categories?post=1027"},{"taxonomy":"post_tag","embeddable":true,"href":"http:\/\/www.diarioalbayzinera.com\/index.php\/wp-json\/wp\/v2\/tags?post=1027"}],"curies":[{"name":"wp","href":"https:\/\/api.w.org\/{rel}","templated":true}]}}