{"id":1017,"date":"2020-01-22T07:57:00","date_gmt":"2020-01-22T06:57:00","guid":{"rendered":"http:\/\/www.diarioalbayzinera.com\/?p=1017"},"modified":"2020-02-01T20:27:10","modified_gmt":"2020-02-01T19:27:10","slug":"pista-3","status":"publish","type":"post","link":"http:\/\/www.diarioalbayzinera.com\/index.php\/2020\/01\/22\/pista-3\/","title":{"rendered":"PISTA 3"},"content":{"rendered":"\n<div class=\"wp-block-image is-style-circle-mask\"><figure class=\"aligncenter size-large is-resized\"><img loading=\"lazy\" decoding=\"async\" src=\"http:\/\/www.diarioalbayzinera.com\/wp-content\/uploads\/2020\/01\/lupa-transoarencia-1.jpg\" alt=\"\" class=\"wp-image-1005\" width=\"225\" height=\"225\" srcset=\"http:\/\/www.diarioalbayzinera.com\/wp-content\/uploads\/2020\/01\/lupa-transoarencia-1.jpg 900w, http:\/\/www.diarioalbayzinera.com\/wp-content\/uploads\/2020\/01\/lupa-transoarencia-1-300x300.jpg 300w, http:\/\/www.diarioalbayzinera.com\/wp-content\/uploads\/2020\/01\/lupa-transoarencia-1-150x150.jpg 150w, http:\/\/www.diarioalbayzinera.com\/wp-content\/uploads\/2020\/01\/lupa-transoarencia-1-768x768.jpg 768w, http:\/\/www.diarioalbayzinera.com\/wp-content\/uploads\/2020\/01\/lupa-transoarencia-1-508x508.jpg 508w\" sizes=\"(max-width: 225px) 100vw, 225px\" \/><\/figure><\/div>\n\n\n\n<p>Sub\u00ed por esta cuesta hacia arriba y al llegar al pared\u00f3n me encontr\u00e9 con otros amigos que estaban jugando por donde viv\u00eda Manol\u00edn antes de mudarse a donde \u00abEr Dani\u00e9h\u00bb. <\/p>\n\n\n\n<div class=\"wp-block-image\"><figure class=\"aligncenter size-large is-resized\"><img loading=\"lazy\" decoding=\"async\" src=\"http:\/\/www.diarioalbayzinera.com\/wp-content\/uploads\/2020\/01\/cuesta-san-gregorio-a\u00f1os-60.jpg\" alt=\"\" class=\"wp-image-1012\" width=\"239\" height=\"317\" srcset=\"http:\/\/www.diarioalbayzinera.com\/wp-content\/uploads\/2020\/01\/cuesta-san-gregorio-a\u00f1os-60.jpg 478w, http:\/\/www.diarioalbayzinera.com\/wp-content\/uploads\/2020\/01\/cuesta-san-gregorio-a\u00f1os-60-226x300.jpg 226w\" sizes=\"(max-width: 239px) 100vw, 239px\" \/><\/figure><\/div>\n\n\n\n<p>Donde nos cont\u00f3 Manol\u00edn, el D\u00eda de San Cecilio, que pillaron al ratero ese que se apodaban \u00abEl Sevillano\u00bb.  <a href=\"http:\/\/www.diarioalbayzinera.com\/index.php\/2020\/02\/01\/1-febrero-d-192o-domingo\/?preview_id=859&amp;preview_nonce=3ae86f0dc0&amp;preview=true\">http:\/\/www.diarioalbayzinera.com\/index.php\/2020\/02\/01\/1-febrero-d-192o-domingo\/?preview_id=859&amp;preview_nonce=3ae86f0dc0&amp;preview=true<\/a> <\/p>\n\n\n\n<div class=\"wp-block-image is-style-circle-mask\"><figure class=\"aligncenter size-large is-resized\"><img loading=\"lazy\" decoding=\"async\" src=\"http:\/\/www.diarioalbayzinera.com\/wp-content\/uploads\/2020\/01\/resignacion-1.jpg\" alt=\"\" class=\"wp-image-972\" width=\"100\" height=\"100\" srcset=\"http:\/\/www.diarioalbayzinera.com\/wp-content\/uploads\/2020\/01\/resignacion-1.jpg 398w, http:\/\/www.diarioalbayzinera.com\/wp-content\/uploads\/2020\/01\/resignacion-1-300x300.jpg 300w, http:\/\/www.diarioalbayzinera.com\/wp-content\/uploads\/2020\/01\/resignacion-1-150x150.jpg 150w\" sizes=\"(max-width: 100px) 100vw, 100px\" \/><\/figure><\/div>\n\n\n\n<div class=\"wp-block-image\"><figure class=\"aligncenter size-large is-resized\"><img loading=\"lazy\" decoding=\"async\" src=\"http:\/\/www.diarioalbayzinera.com\/wp-content\/uploads\/2020\/01\/FB_IMG_1550177508373.jpg\" alt=\"\" class=\"wp-image-975\" width=\"236\" height=\"295\" srcset=\"http:\/\/www.diarioalbayzinera.com\/wp-content\/uploads\/2020\/01\/FB_IMG_1550177508373.jpg 472w, http:\/\/www.diarioalbayzinera.com\/wp-content\/uploads\/2020\/01\/FB_IMG_1550177508373-240x300.jpg 240w\" sizes=\"(max-width: 236px) 100vw, 236px\" \/><figcaption>\u00a1\u00a1Donde los burros no!!<br>Para el otro lado<\/figcaption><\/figure><\/div>\n\n\n\n<div class=\"wp-block-image\"><figure class=\"aligncenter size-large is-resized\"><img loading=\"lazy\" decoding=\"async\" src=\"http:\/\/www.diarioalbayzinera.com\/wp-content\/uploads\/2020\/01\/logo_Festival_GRAVITE-1024x724.jpg\" alt=\"\" class=\"wp-image-1015\" width=\"512\" height=\"362\" srcset=\"http:\/\/www.diarioalbayzinera.com\/wp-content\/uploads\/2020\/01\/logo_Festival_GRAVITE-1024x724.jpg 1024w, http:\/\/www.diarioalbayzinera.com\/wp-content\/uploads\/2020\/01\/logo_Festival_GRAVITE-300x212.jpg 300w, http:\/\/www.diarioalbayzinera.com\/wp-content\/uploads\/2020\/01\/logo_Festival_GRAVITE-768x543.jpg 768w, http:\/\/www.diarioalbayzinera.com\/wp-content\/uploads\/2020\/01\/logo_Festival_GRAVITE-1536x1086.jpg 1536w, http:\/\/www.diarioalbayzinera.com\/wp-content\/uploads\/2020\/01\/logo_Festival_GRAVITE-2048x1448.jpg 2048w, http:\/\/www.diarioalbayzinera.com\/wp-content\/uploads\/2020\/01\/logo_Festival_GRAVITE-1240x877.jpg 1240w, http:\/\/www.diarioalbayzinera.com\/wp-content\/uploads\/2020\/01\/logo_Festival_GRAVITE-508x359.jpg 508w\" sizes=\"(max-width: 512px) 100vw, 512px\" \/><\/figure><\/div>\n","protected":false},"excerpt":{"rendered":"<p>Sub\u00ed por esta cuesta hacia arriba y al llegar al pared\u00f3n me encontr\u00e9 con otros amigos que estaban jugando por donde viv\u00eda Manol\u00edn antes de mudarse a donde \u00abEr Dani\u00e9h\u00bb. Donde nos cont\u00f3 Manol\u00edn, el D\u00eda de San Cecilio, que pillaron al ratero ese que se apodaban \u00abEl Sevillano\u00bb. http:\/\/www.diarioalbayzinera.com\/index.php\/2020\/02\/01\/1-febrero-d-192o-domingo\/?preview_id=859&amp;preview_nonce=3ae86f0dc0&amp;preview=true<\/p>\n","protected":false},"author":2,"featured_media":1005,"comment_status":"open","ping_status":"open","sticky":false,"template":"","format":"standard","meta":{"footnotes":""},"categories":[90],"tags":[],"_links":{"self":[{"href":"http:\/\/www.diarioalbayzinera.com\/index.php\/wp-json\/wp\/v2\/posts\/1017"}],"collection":[{"href":"http:\/\/www.diarioalbayzinera.com\/index.php\/wp-json\/wp\/v2\/posts"}],"about":[{"href":"http:\/\/www.diarioalbayzinera.com\/index.php\/wp-json\/wp\/v2\/types\/post"}],"author":[{"embeddable":true,"href":"http:\/\/www.diarioalbayzinera.com\/index.php\/wp-json\/wp\/v2\/users\/2"}],"replies":[{"embeddable":true,"href":"http:\/\/www.diarioalbayzinera.com\/index.php\/wp-json\/wp\/v2\/comments?post=1017"}],"version-history":[{"count":2,"href":"http:\/\/www.diarioalbayzinera.com\/index.php\/wp-json\/wp\/v2\/posts\/1017\/revisions"}],"predecessor-version":[{"id":1262,"href":"http:\/\/www.diarioalbayzinera.com\/index.php\/wp-json\/wp\/v2\/posts\/1017\/revisions\/1262"}],"wp:featuredmedia":[{"embeddable":true,"href":"http:\/\/www.diarioalbayzinera.com\/index.php\/wp-json\/wp\/v2\/media\/1005"}],"wp:attachment":[{"href":"http:\/\/www.diarioalbayzinera.com\/index.php\/wp-json\/wp\/v2\/media?parent=1017"}],"wp:term":[{"taxonomy":"category","embeddable":true,"href":"http:\/\/www.diarioalbayzinera.com\/index.php\/wp-json\/wp\/v2\/categories?post=1017"},{"taxonomy":"post_tag","embeddable":true,"href":"http:\/\/www.diarioalbayzinera.com\/index.php\/wp-json\/wp\/v2\/tags?post=1017"}],"curies":[{"name":"wp","href":"https:\/\/api.w.org\/{rel}","templated":true}]}}